{"id":324,"date":"2013-01-07T12:37:25","date_gmt":"2013-01-07T12:37:25","guid":{"rendered":"http:\/\/www.encontracontagem.com.br\/noticias\/?p=324"},"modified":"2013-08-19T12:06:08","modified_gmt":"2013-08-19T12:06:08","slug":"homem-e-esfaqueado-em-contagem","status":"publish","type":"post","link":"https:\/\/www.encontracontagem.com.br\/noticias\/homem-e-esfaqueado-em-contagem\/","title":{"rendered":"Homem \u00e9 esfaqueado em Contagem"},"content":{"rendered":"<p>Um homem gravemente ferido foi levado ao Hospital Municipal de Contagem, por volta das 2h da madrugada deste domingo. De acordo com militares do 39\u00baBPM, eles foram acionados apenas \u00e0s 10h50, para investigar o caso.<\/p>\n<p>De acordo com a PM, L\u00facio Gomes de Almeida est\u00e1 inconsciente, ap\u00f3s ter sofrido pauladas e ter sido esfaqueado no lado esquerdo do peito, tendo o pulm\u00e3o afetado. A PM ainda n\u00e3o tem informa\u00e7\u00f5es sobre a motiva\u00e7\u00e3o do crime e ningu\u00e9m da fam\u00edlia de L\u00facio apareceu no hospital.<br \/>\n<em><br \/>\nFonte: Portal Em<\/em><\/p>\n","protected":false},"excerpt":{"rendered":"<p>Um homem gravemente ferido foi levado ao Hospital Municipal de Contagem, por volta das 2h da madrugada deste domingo. De acordo com militares do 39\u00baBPM, eles foram acionados apenas \u00e0s 10h50, para investigar o caso. De acordo com a PM, L\u00facio Gomes de Almeida est\u00e1 inconsciente, ap\u00f3s ter sofrido pauladas e ter sido esfaqueado no [&hellip;]<\/p>\n","protected":false},"author":1,"featured_media":0,"comment_status":"open","ping_status":"open","sticky":false,"template":"","format":"standard","meta":{"footnotes":""},"categories":[6],"tags":[],"class_list":["post-324","post","type-post","status-publish","format-standard","hentry","category-noticias"],"_links":{"self":[{"href":"https:\/\/www.encontracontagem.com.br\/noticias\/wp-json\/wp\/v2\/posts\/324","targetHints":{"allow":["GET"]}}],"collection":[{"href":"https:\/\/www.encontracontagem.com.br\/noticias\/wp-json\/wp\/v2\/posts"}],"about":[{"href":"https:\/\/www.encontracontagem.com.br\/noticias\/wp-json\/wp\/v2\/types\/post"}],"author":[{"embeddable":true,"href":"https:\/\/www.encontracontagem.com.br\/noticias\/wp-json\/wp\/v2\/users\/1"}],"replies":[{"embeddable":true,"href":"https:\/\/www.encontracontagem.com.br\/noticias\/wp-json\/wp\/v2\/comments?post=324"}],"version-history":[{"count":2,"href":"https:\/\/www.encontracontagem.com.br\/noticias\/wp-json\/wp\/v2\/posts\/324\/revisions"}],"predecessor-version":[{"id":574,"href":"https:\/\/www.encontracontagem.com.br\/noticias\/wp-json\/wp\/v2\/posts\/324\/revisions\/574"}],"wp:attachment":[{"href":"https:\/\/www.encontracontagem.com.br\/noticias\/wp-json\/wp\/v2\/media?parent=324"}],"wp:term":[{"taxonomy":"category","embeddable":true,"href":"https:\/\/www.encontracontagem.com.br\/noticias\/wp-json\/wp\/v2\/categories?post=324"},{"taxonomy":"post_tag","embeddable":true,"href":"https:\/\/www.encontracontagem.com.br\/noticias\/wp-json\/wp\/v2\/tags?post=324"}],"curies":[{"name":"wp","href":"https:\/\/api.w.org\/{rel}","templated":true}]}}