{"id":318,"date":"2012-12-27T01:30:27","date_gmt":"2012-12-27T01:30:27","guid":{"rendered":"http:\/\/www.encontracontagem.com.br\/noticias\/?p=318"},"modified":"2013-08-19T12:06:09","modified_gmt":"2013-08-19T12:06:09","slug":"inaugurada-a-praca-da-jabuticaba-em-contagem","status":"publish","type":"post","link":"https:\/\/www.encontracontagem.com.br\/noticias\/inaugurada-a-praca-da-jabuticaba-em-contagem\/","title":{"rendered":"Inaugurada a Pra\u00e7a da Jabuticaba em Contagem"},"content":{"rendered":"<p>Milhares de pessoas lotaram o mais novo espa\u00e7o p\u00fablico de Contagem na noite da \u00faltima sexta-feira, dia 21. A Pra\u00e7a da Jabuticaba foi inaugurada com festa. Localizada no Centro Hist\u00f3rico de Contagem, ao lado dos Casar\u00f5es e da Matriz de S\u00e3o Gon\u00e7alo, a pra\u00e7a projetada pelo arquiteto Gustavo Penna faz refer\u00eancia \u00e0 fruta que \u00e9 um dos s\u00edmbolos da cidade, tendo em seus 17 mil metros quadrados mais de 80 jabuticabeiras formando um pequeno bosque, al\u00e9m de um lago, um teatro de arena e um palco.<\/p>\n<p>Presente na cerim\u00f4nia, a prefeita Mar\u00edlia Campos disse, em pronunciamento, estar \u201corgulhosa por entregar mais um cart\u00e3o postal da cidade que conta sua hist\u00f3ria\u201d. \u201c\u00c9 um momento encantado, pois esperamos por muito tempo que algo acontecesse neste local, agora a popula\u00e7\u00e3o tem um espa\u00e7o lindo de laser e conv\u00edvio, o que nos d\u00e1 um bom motivo para sairmos de casa para socializar e fazer amigos\u201d, declarou a prefeita.<\/p>\n<p>A presidenta da Funda\u00e7\u00e3o Municipal de Parques e \u00c1reas Verdes de Contagem (Conparq), C\u00e9lia Zatti, homenageou os trabalhadores que constru\u00edram a Pra\u00e7a da Jabuticaba e anunciou que as novidades do equipamento p\u00fablico n\u00e3o param por a\u00ed. \u201cAl\u00e9m de todos esses elementos que podemos ver hoje como o anfiteatro, os passeios, o lago, enfim, todo o paisagismo, ser\u00e1 constru\u00edda uma grande marquise de laje nervurada com teto vazado que cobrir\u00e1 uma \u00e1rea de aproximadamente 100 metros quadrados ainda no come\u00e7o de 2013\u201d, relatou C\u00e9lia Zatti.<\/p>\n<p>Outro grande ganho com a constru\u00e7\u00e3o da Pra\u00e7a da Jabuticaba foi a instala\u00e7\u00e3o da 133\u00aa Cia da Pol\u00edcia Militar de Minas Gerais que garantir\u00e1 mais seguran\u00e7a \u00e0 regi\u00e3o. O Coronel Irani Alvear destacou a import\u00e2ncia do novo equipamento p\u00fablico no Centro de Contagem. \u201cUm espa\u00e7o qualificado e bem aproveitado reflete positivamente na seguran\u00e7a p\u00fablica trazendo mais tranquilidade para todos e a constru\u00e7\u00e3o da 133\u00aa Cia \u00e9 tamb\u00e9m uma conquista n\u00e3o s\u00f3 para a Pol\u00edcia Militar como para a comunidade\u201d, salientou o Coronel.<\/p>\n<p>Durante o evento foram empossados os membros do Comit\u00ea Gestor da Pra\u00e7a da Jabuticaba e crian\u00e7as, adultos e idosos assistiram apresenta\u00e7\u00f5es de teatro e circo, da Banda da Pol\u00edcia Militar, do conjunto de jazz Take Five, al\u00e9m de um encantador espet\u00e1culo de queima de fogos de artif\u00edcio. O advogado Daniel Carvalho parabenizou \u00e0 prefeita pela inaugura\u00e7\u00e3o da pra\u00e7a e pela festa: \u201cmais um lugar maravilhoso da cidade agora perto de onde moro, faz jus um evento como esse\u201d. Opini\u00e3o compartilhada pelo professor Cl\u00e1udio Vaz: \u201cantigamente a cidade era cinza e nesses \u00faltimos anos senti que est\u00e1 muito mais bonita, com mais cultura, que deu uma guinada\u201d.<\/p>\n<p><em>Fonte: Prefeitura Contagem<\/em><\/p>\n","protected":false},"excerpt":{"rendered":"<p>Milhares de pessoas lotaram o mais novo espa\u00e7o p\u00fablico de Contagem na noite da \u00faltima sexta-feira, dia 21. A Pra\u00e7a da Jabuticaba foi inaugurada com festa. Localizada no Centro Hist\u00f3rico de Contagem, ao lado dos Casar\u00f5es e da Matriz de S\u00e3o Gon\u00e7alo, a pra\u00e7a projetada pelo arquiteto Gustavo Penna faz refer\u00eancia \u00e0 fruta que \u00e9 [&hellip;]<\/p>\n","protected":false},"author":1,"featured_media":0,"comment_status":"open","ping_status":"open","sticky":false,"template":"","format":"standard","meta":{"footnotes":""},"categories":[6],"tags":[],"class_list":["post-318","post","type-post","status-publish","format-standard","hentry","category-noticias"],"_links":{"self":[{"href":"https:\/\/www.encontracontagem.com.br\/noticias\/wp-json\/wp\/v2\/posts\/318","targetHints":{"allow":["GET"]}}],"collection":[{"href":"https:\/\/www.encontracontagem.com.br\/noticias\/wp-json\/wp\/v2\/posts"}],"about":[{"href":"https:\/\/www.encontracontagem.com.br\/noticias\/wp-json\/wp\/v2\/types\/post"}],"author":[{"embeddable":true,"href":"https:\/\/www.encontracontagem.com.br\/noticias\/wp-json\/wp\/v2\/users\/1"}],"replies":[{"embeddable":true,"href":"https:\/\/www.encontracontagem.com.br\/noticias\/wp-json\/wp\/v2\/comments?post=318"}],"version-history":[{"count":3,"href":"https:\/\/www.encontracontagem.com.br\/noticias\/wp-json\/wp\/v2\/posts\/318\/revisions"}],"predecessor-version":[{"id":320,"href":"https:\/\/www.encontracontagem.com.br\/noticias\/wp-json\/wp\/v2\/posts\/318\/revisions\/320"}],"wp:attachment":[{"href":"https:\/\/www.encontracontagem.com.br\/noticias\/wp-json\/wp\/v2\/media?parent=318"}],"wp:term":[{"taxonomy":"category","embeddable":true,"href":"https:\/\/www.encontracontagem.com.br\/noticias\/wp-json\/wp\/v2\/categories?post=318"},{"taxonomy":"post_tag","embeddable":true,"href":"https:\/\/www.encontracontagem.com.br\/noticias\/wp-json\/wp\/v2\/tags?post=318"}],"curies":[{"name":"wp","href":"https:\/\/api.w.org\/{rel}","templated":true}]}}