{"id":298,"date":"2012-12-14T00:25:25","date_gmt":"2012-12-14T00:25:25","guid":{"rendered":"http:\/\/www.encontracontagem.com.br\/noticias\/?p=298"},"modified":"2013-08-19T12:06:15","modified_gmt":"2013-08-19T12:06:15","slug":"contrato-para-projeto-de-regularizacao-fundiaria-foi-assinado-em-contagem","status":"publish","type":"post","link":"https:\/\/www.encontracontagem.com.br\/noticias\/contrato-para-projeto-de-regularizacao-fundiaria-foi-assinado-em-contagem\/","title":{"rendered":"Contrato para projeto de regulariza\u00e7\u00e3o fundi\u00e1ria foi assinado em Contagem"},"content":{"rendered":"<p>A prefeita Mar\u00edlia Campos assinou ontem a ordem de servi\u00e7o do projeto de regulariza\u00e7\u00e3o fundi\u00e1ria do bairro S\u00e3o Pedro, na regi\u00e3o do Eldorado. Ela participou de reuni\u00e3o com moradores da \u00e1rea.<\/p>\n<p>A prefeita garantiu que esse projeto &#8211; assim como tantos outros que est\u00e3o em curso na cidade &#8211; n\u00e3o ser\u00e3o interrompidos pela pr\u00f3xima administra\u00e7\u00e3o. &#8220;Estou entregando a Prefeitura de Contagem saneada, com muitas obras conclu\u00eddas e com tantas outras que j\u00e1 est\u00e3o devidamente contratadas&#8221;, destacou.<\/p>\n<p>O secret\u00e1rio de Desenvolvimento Urbano, Isnard Monteiro Horta, comemorou a assinatura do contrato. &#8220;Hoje, estamos dando in\u00edcio ao trabalho formalmente&#8221;, adiantou.<\/p>\n<p>De acordo com o diretor da ACE Empreendimentos Ltda, Rog\u00e9rio Alo\u00edsio Santos, a empresa far\u00e1 levantamento topogr\u00e1fico de cada lote do bairro e tamb\u00e9m o cadastro socioecon\u00f4mico e ambiental da comunidade. O resultado ser\u00e1 usado para a defini\u00e7\u00e3o de qual ser\u00e1 o melhor m\u00e9todo de regulariza\u00e7\u00e3o fundi\u00e1ria para o projeto no bairro S\u00e3o Pedro.<br \/>\n<em><br \/>\nFonte: Prefeitura Contagem<\/em><\/p>\n","protected":false},"excerpt":{"rendered":"<p>A prefeita Mar\u00edlia Campos assinou ontem a ordem de servi\u00e7o do projeto de regulariza\u00e7\u00e3o fundi\u00e1ria do bairro S\u00e3o Pedro, na regi\u00e3o do Eldorado. Ela participou de reuni\u00e3o com moradores da \u00e1rea. A prefeita garantiu que esse projeto &#8211; assim como tantos outros que est\u00e3o em curso na cidade &#8211; n\u00e3o ser\u00e3o interrompidos pela pr\u00f3xima administra\u00e7\u00e3o. [&hellip;]<\/p>\n","protected":false},"author":1,"featured_media":0,"comment_status":"open","ping_status":"open","sticky":false,"template":"","format":"standard","meta":{"footnotes":""},"categories":[6],"tags":[],"class_list":["post-298","post","type-post","status-publish","format-standard","hentry","category-noticias"],"_links":{"self":[{"href":"https:\/\/www.encontracontagem.com.br\/noticias\/wp-json\/wp\/v2\/posts\/298","targetHints":{"allow":["GET"]}}],"collection":[{"href":"https:\/\/www.encontracontagem.com.br\/noticias\/wp-json\/wp\/v2\/posts"}],"about":[{"href":"https:\/\/www.encontracontagem.com.br\/noticias\/wp-json\/wp\/v2\/types\/post"}],"author":[{"embeddable":true,"href":"https:\/\/www.encontracontagem.com.br\/noticias\/wp-json\/wp\/v2\/users\/1"}],"replies":[{"embeddable":true,"href":"https:\/\/www.encontracontagem.com.br\/noticias\/wp-json\/wp\/v2\/comments?post=298"}],"version-history":[{"count":2,"href":"https:\/\/www.encontracontagem.com.br\/noticias\/wp-json\/wp\/v2\/posts\/298\/revisions"}],"predecessor-version":[{"id":675,"href":"https:\/\/www.encontracontagem.com.br\/noticias\/wp-json\/wp\/v2\/posts\/298\/revisions\/675"}],"wp:attachment":[{"href":"https:\/\/www.encontracontagem.com.br\/noticias\/wp-json\/wp\/v2\/media?parent=298"}],"wp:term":[{"taxonomy":"category","embeddable":true,"href":"https:\/\/www.encontracontagem.com.br\/noticias\/wp-json\/wp\/v2\/categories?post=298"},{"taxonomy":"post_tag","embeddable":true,"href":"https:\/\/www.encontracontagem.com.br\/noticias\/wp-json\/wp\/v2\/tags?post=298"}],"curies":[{"name":"wp","href":"https:\/\/api.w.org\/{rel}","templated":true}]}}