{"id":295,"date":"2012-12-10T00:02:32","date_gmt":"2012-12-10T00:02:32","guid":{"rendered":"http:\/\/www.encontracontagem.com.br\/noticias\/?p=295"},"modified":"2013-08-19T12:06:08","modified_gmt":"2013-08-19T12:06:08","slug":"populacao-de-contagem-ganha-mais-uma-academia-da-cidade","status":"publish","type":"post","link":"https:\/\/www.encontracontagem.com.br\/noticias\/populacao-de-contagem-ganha-mais-uma-academia-da-cidade\/","title":{"rendered":"Popula\u00e7\u00e3o de Contagem ganha mais uma Academia da Cidade"},"content":{"rendered":"<p>A Prefeitura de Contagem inaugurou mais uma Academia da Cidade na \u00faltima quinta-feira, 6 de dezembro. Desta vez, os equipamentos foram instalados no bairro Nova Contagem, \u00e0 Rua VL 6, com Rua H\u00e9rcules, regi\u00e3o do Vargem das Flores.<\/p>\n<p>A nova academia \u00e9 a 39\u00aa entregue \u00e0 popula\u00e7\u00e3o na gest\u00e3o Mar\u00edlia Campos. Ela integra as a\u00e7\u00f5es do Mais Sa\u00fade, programa da Prefeitura que garante investimentos, melhoria e amplia\u00e7\u00e3o dos servi\u00e7os de sa\u00fade na cidade.<\/p>\n<p>Durante a inaugura\u00e7\u00e3o, a prefeita Mar\u00edlia Campos disse que cumpriu o que prometeu na regi\u00e3o. &#8220;Trabalhamos muito aqui em Nova Contagem, assim como em toda cidade. Fizemos um trabalho em prol da comunidade e agora vamos continuar lutando&#8221;. Mar\u00edlia tamb\u00e9m aproveitou para lembrar que a academia ter\u00e1 uma equipe de Promo\u00e7\u00e3o \u00e0 Sa\u00fade toda segunda e quinta-feira.<\/p>\n<p>O aposentado e morador da regi\u00e3o h\u00e1 23 anos, Joaquim Tim\u00f3teo, 69, comemorou a instala\u00e7\u00e3o dos equipamentos. &#8220;\u00c9 uma conquista para a nossa regi\u00e3o. Vou caminhar e fazer gin\u00e1stica todos os dias&#8221;. A dona de casa, Edith Clemente, 61, tamb\u00e9m aprovou a iniciativa. &#8220;Gostei muito porque agora vou ter a oportunidade de fazer gin\u00e1stica perto de casa&#8221;, disse.<\/p>\n<p><strong>Academia da Cidade<\/strong><\/p>\n<p>O programa das Academias da Cidade incentiva a popula\u00e7\u00e3o a utilizar os espa\u00e7os p\u00fablicos, como pra\u00e7as e parques. Al\u00e9m disso, a pr\u00e1tica de esportes proporciona qualidade de vida e mais sa\u00fade para a popula\u00e7\u00e3o.<\/p>\n<p>Instaladas em espa\u00e7os abertos, as Academias oferecem, gratuitamente, atividades f\u00edsicas com orienta\u00e7\u00e3o de profissionais de educa\u00e7\u00e3o f\u00edsica. Em cada um dos espa\u00e7os s\u00e3o colocados \u00e0 disposi\u00e7\u00e3o da popula\u00e7\u00e3o 10 tipos de aparelhos de gin\u00e1stica, que possibilitam exerc\u00edcios aer\u00f3bicos e anaer\u00f3bicos.<\/p>\n<p><em>Fonte: Prefeitura Contagem<\/em><\/p>\n","protected":false},"excerpt":{"rendered":"<p>A Prefeitura de Contagem inaugurou mais uma Academia da Cidade na \u00faltima quinta-feira, 6 de dezembro. Desta vez, os equipamentos foram instalados no bairro Nova Contagem, \u00e0 Rua VL 6, com Rua H\u00e9rcules, regi\u00e3o do Vargem das Flores. A nova academia \u00e9 a 39\u00aa entregue \u00e0 popula\u00e7\u00e3o na gest\u00e3o Mar\u00edlia Campos. Ela integra as a\u00e7\u00f5es [&hellip;]<\/p>\n","protected":false},"author":1,"featured_media":0,"comment_status":"open","ping_status":"open","sticky":false,"template":"","format":"standard","meta":{"footnotes":""},"categories":[6],"tags":[],"class_list":["post-295","post","type-post","status-publish","format-standard","hentry","category-noticias"],"_links":{"self":[{"href":"https:\/\/www.encontracontagem.com.br\/noticias\/wp-json\/wp\/v2\/posts\/295","targetHints":{"allow":["GET"]}}],"collection":[{"href":"https:\/\/www.encontracontagem.com.br\/noticias\/wp-json\/wp\/v2\/posts"}],"about":[{"href":"https:\/\/www.encontracontagem.com.br\/noticias\/wp-json\/wp\/v2\/types\/post"}],"author":[{"embeddable":true,"href":"https:\/\/www.encontracontagem.com.br\/noticias\/wp-json\/wp\/v2\/users\/1"}],"replies":[{"embeddable":true,"href":"https:\/\/www.encontracontagem.com.br\/noticias\/wp-json\/wp\/v2\/comments?post=295"}],"version-history":[{"count":2,"href":"https:\/\/www.encontracontagem.com.br\/noticias\/wp-json\/wp\/v2\/posts\/295\/revisions"}],"predecessor-version":[{"id":576,"href":"https:\/\/www.encontracontagem.com.br\/noticias\/wp-json\/wp\/v2\/posts\/295\/revisions\/576"}],"wp:attachment":[{"href":"https:\/\/www.encontracontagem.com.br\/noticias\/wp-json\/wp\/v2\/media?parent=295"}],"wp:term":[{"taxonomy":"category","embeddable":true,"href":"https:\/\/www.encontracontagem.com.br\/noticias\/wp-json\/wp\/v2\/categories?post=295"},{"taxonomy":"post_tag","embeddable":true,"href":"https:\/\/www.encontracontagem.com.br\/noticias\/wp-json\/wp\/v2\/tags?post=295"}],"curies":[{"name":"wp","href":"https:\/\/api.w.org\/{rel}","templated":true}]}}