{"id":293,"date":"2012-12-10T00:59:12","date_gmt":"2012-12-10T00:59:12","guid":{"rendered":"http:\/\/www.encontracontagem.com.br\/noticias\/?p=293"},"modified":"2013-08-19T12:06:13","modified_gmt":"2013-08-19T12:06:13","slug":"contagem-sistema-passara-a-ser-operacionalizado-tambem-pela-policia-militar","status":"publish","type":"post","link":"https:\/\/www.encontracontagem.com.br\/noticias\/contagem-sistema-passara-a-ser-operacionalizado-tambem-pela-policia-militar\/","title":{"rendered":"Contagem: Sistema passar\u00e1 a ser operacionalizado tamb\u00e9m pela Pol\u00edcia Militar"},"content":{"rendered":"<p>Na pr\u00f3xima ter\u00e7a-feira, dia 11, \u00e0s 9h30, representantes da Secretaria de Defesa Social de Contagem e das pol\u00edcias Militar e Civil de Minas Gerais ir\u00e3o formalizar conv\u00eanio de coopera\u00e7\u00e3o t\u00e9cnica e operacional para utiliza\u00e7\u00e3o do Sistema de Videomonitoramento. Esse novo conv\u00eanio possibilitar\u00e1 que o sistema, antes gerenciado somente pela Secretaria Municipal de Defesa Social, seja, a partir da assinatura, operacionalizado tamb\u00e9m pela PMMG, principalmente no que diz respeito \u00e0s c\u00e2meras instaladas em vias p\u00fablicas. A solenidade ser\u00e1 realizada no Centro de Defesa Social de Contagem (Rua Vereador David da Costa, n\u00ba 14, Bairro Fonte Grande).<\/p>\n<p>Atualmente, existem 30 c\u00e2meras instaladas na cidade. Os equipamentos foram adquiridos por meio de um conv\u00eanio entre a Prefeitura de Contagem e a Secretaria Nacional de Seguran\u00e7a, do Minist\u00e9rio Justi\u00e7a. As c\u00e2meras de vigil\u00e2ncia est\u00e3o sendo instaladas no munic\u00edpio para prevenir crimes contra o cidad\u00e3o contagense, dentre eles: furtos, saidinhas de bancos, inibir a\u00e7\u00f5es de vandalismo; degrada\u00e7\u00e3o do Patrim\u00f4nio P\u00fablico, entre atos il\u00edcitos.<\/p>\n<p><em>Fonte: Prefeitura Contagem<\/em><\/p>\n","protected":false},"excerpt":{"rendered":"<p>Na pr\u00f3xima ter\u00e7a-feira, dia 11, \u00e0s 9h30, representantes da Secretaria de Defesa Social de Contagem e das pol\u00edcias Militar e Civil de Minas Gerais ir\u00e3o formalizar conv\u00eanio de coopera\u00e7\u00e3o t\u00e9cnica e operacional para utiliza\u00e7\u00e3o do Sistema de Videomonitoramento. Esse novo conv\u00eanio possibilitar\u00e1 que o sistema, antes gerenciado somente pela Secretaria Municipal de Defesa Social, seja, [&hellip;]<\/p>\n","protected":false},"author":1,"featured_media":0,"comment_status":"open","ping_status":"open","sticky":false,"template":"","format":"standard","meta":{"footnotes":""},"categories":[6],"tags":[],"class_list":["post-293","post","type-post","status-publish","format-standard","hentry","category-noticias"],"_links":{"self":[{"href":"https:\/\/www.encontracontagem.com.br\/noticias\/wp-json\/wp\/v2\/posts\/293","targetHints":{"allow":["GET"]}}],"collection":[{"href":"https:\/\/www.encontracontagem.com.br\/noticias\/wp-json\/wp\/v2\/posts"}],"about":[{"href":"https:\/\/www.encontracontagem.com.br\/noticias\/wp-json\/wp\/v2\/types\/post"}],"author":[{"embeddable":true,"href":"https:\/\/www.encontracontagem.com.br\/noticias\/wp-json\/wp\/v2\/users\/1"}],"replies":[{"embeddable":true,"href":"https:\/\/www.encontracontagem.com.br\/noticias\/wp-json\/wp\/v2\/comments?post=293"}],"version-history":[{"count":2,"href":"https:\/\/www.encontracontagem.com.br\/noticias\/wp-json\/wp\/v2\/posts\/293\/revisions"}],"predecessor-version":[{"id":637,"href":"https:\/\/www.encontracontagem.com.br\/noticias\/wp-json\/wp\/v2\/posts\/293\/revisions\/637"}],"wp:attachment":[{"href":"https:\/\/www.encontracontagem.com.br\/noticias\/wp-json\/wp\/v2\/media?parent=293"}],"wp:term":[{"taxonomy":"category","embeddable":true,"href":"https:\/\/www.encontracontagem.com.br\/noticias\/wp-json\/wp\/v2\/categories?post=293"},{"taxonomy":"post_tag","embeddable":true,"href":"https:\/\/www.encontracontagem.com.br\/noticias\/wp-json\/wp\/v2\/tags?post=293"}],"curies":[{"name":"wp","href":"https:\/\/api.w.org\/{rel}","templated":true}]}}