{"id":291,"date":"2012-12-03T10:17:00","date_gmt":"2012-12-03T10:17:00","guid":{"rendered":"http:\/\/www.encontracontagem.com.br\/noticias\/?p=291"},"modified":"2013-08-19T12:06:09","modified_gmt":"2013-08-19T12:06:09","slug":"contagem-recebeu-nova-ubs-praia-a-populacao","status":"publish","type":"post","link":"https:\/\/www.encontracontagem.com.br\/noticias\/contagem-recebeu-nova-ubs-praia-a-populacao\/","title":{"rendered":"Contagem recebeu nova UBS Praia \u00e0 popula\u00e7\u00e3o"},"content":{"rendered":"<p>A Prefeitura de Contagem entregou \u00e0 popula\u00e7\u00e3o a nova Unidade B\u00e1sica de Sa\u00fade (UBS) Praia. A inaugura\u00e7\u00e3o foi s\u00e1bado, 1\u00ba de dezembro bairro Praia, na regi\u00e3o Sede.<\/p>\n<p>A nova UBS beneficia uma popula\u00e7\u00e3o superior a 18 mil pessoas. A unidade segue os padr\u00f5es de atendimento do Programa Mais Sa\u00fade e conta com instala\u00e7\u00f5es amplas e modernas, que garantem conforto aos trabalhadores e \u00e0 comunidade.<\/p>\n<p>A estrutura da UBS conta com 11 consult\u00f3rios, salas de acolhimento, atendimento odontol\u00f3gico, escov\u00f3dromo e salas de curativo, vacina, aplica\u00e7\u00e3o de medicamentos e inala\u00e7\u00e3o. A equipe de profissionais est\u00e1 formada por tr\u00eas m\u00e9dicos, tr\u00eas enfermeiros, nove t\u00e9cnicos de enfermagem, um cirurgi\u00e3o dentista, 18 agentes comunit\u00e1rios de sa\u00fade, dois auxiliares de servi\u00e7o e tr\u00eas administrativos.<\/p>\n<p>Al\u00e9m das melhorias f\u00edsicas, os usu\u00e1rios receber\u00e3o assist\u00eancia com mais resolutividade. Dessa forma, a comunidade contar\u00e1 com todos os servi\u00e7os b\u00e1sicos de sa\u00fade em um mesmo local, com hor\u00e1rio de atendimento expandido das 7 \u00e0s 19 horas.<\/p>\n<p>A unidade tamb\u00e9m contar\u00e1 com apoio da equipe do N\u00facleo de Apoio \u00e0 Sa\u00fade da Fam\u00edlia (Nasf), composta por nove profissionais, entre eles fisioterapeuta, fonoaudi\u00f3logo, terapeuta ocupacional, nutricionista, psic\u00f3logo, assistente social e psiquiatra.<\/p>\n<p><em>Fonte: Prefeitura Municipal de Contagem<\/em><\/p>\n","protected":false},"excerpt":{"rendered":"<p>A Prefeitura de Contagem entregou \u00e0 popula\u00e7\u00e3o a nova Unidade B\u00e1sica de Sa\u00fade (UBS) Praia. A inaugura\u00e7\u00e3o foi s\u00e1bado, 1\u00ba de dezembro bairro Praia, na regi\u00e3o Sede. A nova UBS beneficia uma popula\u00e7\u00e3o superior a 18 mil pessoas. A unidade segue os padr\u00f5es de atendimento do Programa Mais Sa\u00fade e conta com instala\u00e7\u00f5es amplas e [&hellip;]<\/p>\n","protected":false},"author":1,"featured_media":0,"comment_status":"open","ping_status":"open","sticky":false,"template":"","format":"standard","meta":{"footnotes":""},"categories":[6],"tags":[15],"class_list":["post-291","post","type-post","status-publish","format-standard","hentry","category-noticias","tag-contagem"],"_links":{"self":[{"href":"https:\/\/www.encontracontagem.com.br\/noticias\/wp-json\/wp\/v2\/posts\/291","targetHints":{"allow":["GET"]}}],"collection":[{"href":"https:\/\/www.encontracontagem.com.br\/noticias\/wp-json\/wp\/v2\/posts"}],"about":[{"href":"https:\/\/www.encontracontagem.com.br\/noticias\/wp-json\/wp\/v2\/types\/post"}],"author":[{"embeddable":true,"href":"https:\/\/www.encontracontagem.com.br\/noticias\/wp-json\/wp\/v2\/users\/1"}],"replies":[{"embeddable":true,"href":"https:\/\/www.encontracontagem.com.br\/noticias\/wp-json\/wp\/v2\/comments?post=291"}],"version-history":[{"count":2,"href":"https:\/\/www.encontracontagem.com.br\/noticias\/wp-json\/wp\/v2\/posts\/291\/revisions"}],"predecessor-version":[{"id":579,"href":"https:\/\/www.encontracontagem.com.br\/noticias\/wp-json\/wp\/v2\/posts\/291\/revisions\/579"}],"wp:attachment":[{"href":"https:\/\/www.encontracontagem.com.br\/noticias\/wp-json\/wp\/v2\/media?parent=291"}],"wp:term":[{"taxonomy":"category","embeddable":true,"href":"https:\/\/www.encontracontagem.com.br\/noticias\/wp-json\/wp\/v2\/categories?post=291"},{"taxonomy":"post_tag","embeddable":true,"href":"https:\/\/www.encontracontagem.com.br\/noticias\/wp-json\/wp\/v2\/tags?post=291"}],"curies":[{"name":"wp","href":"https:\/\/api.w.org\/{rel}","templated":true}]}}