{"id":271,"date":"2012-11-19T18:02:05","date_gmt":"2012-11-19T18:02:05","guid":{"rendered":"http:\/\/www.encontracontagem.com.br\/noticias\/?p=271"},"modified":"2013-08-19T12:06:15","modified_gmt":"2013-08-19T12:06:15","slug":"homem-se-amarra-a-cruz-e-pede-justica-no-forum-de-contagem","status":"publish","type":"post","link":"https:\/\/www.encontracontagem.com.br\/noticias\/homem-se-amarra-a-cruz-e-pede-justica-no-forum-de-contagem\/","title":{"rendered":"Homem se amarra a cruz e pede justi\u00e7a no f\u00f3rum de Contagem"},"content":{"rendered":"<p>O publicit\u00e1rio Andr\u00e9 Luiz dos Santos, de 51 anos, saiu da cidade de Vi\u00e7osa, na Zona da Mata de Minas Gerais, e chegou a Contagem neste domingo (18) para acompanhar de perto o\u00a0j\u00fari popular do goleiro Bruno Fernandes e mais quatro r\u00e9us, pelo desaparecimento e morte de Eliza Samudio. Para ele, Eliza est\u00e1 morta, e espera que a justi\u00e7a seja feita.<\/p>\n<p><em>(A partir de segunda, dia 19, acompanhe no\u00a0G1<strong> <\/strong>a\u00a0cobertura completa do julgamento do caso Eliza Samudio, com equipe de jornalistas trazendo as \u00faltimas informa\u00e7\u00f5es, em tempo real, de dentro e de fora do F\u00f3rum de Contagem, no estado de \u00a0Minas Gerais. Conhe\u00e7a os r\u00e9us, entenda o j\u00fari popular, relembre os momentos marcantes e acesse reportagens, fotos e infogr\u00e1fico sobre o crime envolvendo o goleiro Bruno.)<\/em><\/p>\n<p>\u201cAcredito que a Eliza est\u00e1 morta. Mas n\u00e3o os condeno. Pe\u00e7o justi\u00e7a\u201d, explica o protestante. Ele est\u00e1 amarrado a uma cruz que diz ter cerca de 40 quilos, em frente ao f\u00f3rum da cidade, na Regi\u00e3o Metropolitana da cidade de Belo Horizonte.<\/p>\n<p>O mineiro, que \u00e9 casado e tem tr\u00eas filhos, explica o motivo do protesto. \u201cPrimeiramente, sou pai. E existe uma crian\u00e7a \u00f3rf\u00e3, um corpo desaparecido, uma m\u00e3e querendo saber onde a filha est\u00e1. A crian\u00e7a \u00f3rf\u00e3, com uma hist\u00f3ria que tem um pai preso e uma m\u00e3e desaparecida, ou assassinada. E mais ainda, \u00e9 um jogador que tinha toda condi\u00e7\u00e3o de estar na sele\u00e7\u00e3o brasileira, e tinha muitos f\u00e3s dele que se inspiravam nele como goleiro\u201d, relatou.<\/p>\n<p>Andr\u00e9 dos Santos conta que j\u00e1 fez v\u00e1rios protestos com o mesmo motivo pelo pa\u00eds e at\u00e9 na Argentina. Ele diz que esteve nos julgamentos dos casos Elo\u00e1 e do casal Nardoni, ambos em S\u00e3o Paulo, j\u00e1 participou da marcha contra a corrup\u00e7\u00e3o em Bras\u00edlia, esteve no julgamento do Mensal\u00e3o, tamb\u00e9m na capital federal; esteve na chacina da Cinel\u00e2ndia e na escola Tasso da Silveira, em Realengo, ambas no Rio de Janeiro. Andr\u00e9 ainda conta que foi \u00e0 Argentina protestar contra a corrup\u00e7\u00e3o naquele pa\u00eds.<\/p>\n<p>\u201cEu busco a justi\u00e7a, literalmente, para mostrar para a sociedade para confiar mais no [Poder] Judici\u00e1rio. O Joaquim Barbosa (ministro do Supremo Tribunal Federal) est\u00e1 mostrando para o pa\u00eds que pode acreditar na Justi\u00e7a\u201d, disse.<\/p>\n<p>Sobre a expectativa pelo j\u00fari do caso Eliza Samudio, ele diz que, para ele, a sociedade j\u00e1 condenou o goleiro. \u201cPela sociedade, ele j\u00e1 foi condenado\u201d.<\/p>\n<p><em>Fonte: G1<\/em><\/p>\n","protected":false},"excerpt":{"rendered":"<p>O publicit\u00e1rio Andr\u00e9 Luiz dos Santos, de 51 anos, saiu da cidade de Vi\u00e7osa, na Zona da Mata de Minas Gerais, e chegou a Contagem neste domingo (18) para acompanhar de perto o\u00a0j\u00fari popular do goleiro Bruno Fernandes e mais quatro r\u00e9us, pelo desaparecimento e morte de Eliza Samudio. Para ele, Eliza est\u00e1 morta, e [&hellip;]<\/p>\n","protected":false},"author":1,"featured_media":0,"comment_status":"open","ping_status":"open","sticky":false,"template":"","format":"standard","meta":{"footnotes":""},"categories":[6],"tags":[15],"class_list":["post-271","post","type-post","status-publish","format-standard","hentry","category-noticias","tag-contagem"],"_links":{"self":[{"href":"https:\/\/www.encontracontagem.com.br\/noticias\/wp-json\/wp\/v2\/posts\/271","targetHints":{"allow":["GET"]}}],"collection":[{"href":"https:\/\/www.encontracontagem.com.br\/noticias\/wp-json\/wp\/v2\/posts"}],"about":[{"href":"https:\/\/www.encontracontagem.com.br\/noticias\/wp-json\/wp\/v2\/types\/post"}],"author":[{"embeddable":true,"href":"https:\/\/www.encontracontagem.com.br\/noticias\/wp-json\/wp\/v2\/users\/1"}],"replies":[{"embeddable":true,"href":"https:\/\/www.encontracontagem.com.br\/noticias\/wp-json\/wp\/v2\/comments?post=271"}],"version-history":[{"count":4,"href":"https:\/\/www.encontracontagem.com.br\/noticias\/wp-json\/wp\/v2\/posts\/271\/revisions"}],"predecessor-version":[{"id":671,"href":"https:\/\/www.encontracontagem.com.br\/noticias\/wp-json\/wp\/v2\/posts\/271\/revisions\/671"}],"wp:attachment":[{"href":"https:\/\/www.encontracontagem.com.br\/noticias\/wp-json\/wp\/v2\/media?parent=271"}],"wp:term":[{"taxonomy":"category","embeddable":true,"href":"https:\/\/www.encontracontagem.com.br\/noticias\/wp-json\/wp\/v2\/categories?post=271"},{"taxonomy":"post_tag","embeddable":true,"href":"https:\/\/www.encontracontagem.com.br\/noticias\/wp-json\/wp\/v2\/tags?post=271"}],"curies":[{"name":"wp","href":"https:\/\/api.w.org\/{rel}","templated":true}]}}