{"id":258,"date":"2012-08-20T14:09:24","date_gmt":"2012-08-20T14:09:24","guid":{"rendered":"http:\/\/www.encontracontagem.com.br\/noticias\/?p=258"},"modified":"2013-08-19T12:06:14","modified_gmt":"2013-08-19T12:06:14","slug":"incendio-destroi-galpao-em-contagem","status":"publish","type":"post","link":"https:\/\/www.encontracontagem.com.br\/noticias\/incendio-destroi-galpao-em-contagem\/","title":{"rendered":"Inc\u00eandio destr\u00f3i galp\u00e3o em Contagem"},"content":{"rendered":"<p>Um inc\u00eandio tomou conta de um galp\u00e3o de um im\u00f3vel, na tarde desta sexta-feira (17), no bairro Vera Cruz, em Contagem, na Regi\u00e3o Metropolitana da cidade de Belo Horizonte.<\/p>\n<p>O Corpo de Bombeiros informou que o espa\u00e7o tem aproximadamente 600 m\u00b2, e o fogo atingiu uma estocagem de material de constru\u00e7\u00e3o, al\u00e9m de objetos de madeira e colch\u00f5es. De acordo com a corpora\u00e7\u00e3o, n\u00e3o h\u00e1 v\u00edtimas no local. A estrutura foi comprometida e corre risco de desabamento.<\/p>\n<p>Segundo os bombeiros, \u00e0s 18h as chamas ainda n\u00e3o tinham sido combatidas. Seis viaturas da corpora\u00e7\u00e3o estavam no local. As causas do inc\u00eandio ainda n\u00e3o foram identificadas.<\/p>\n<p><em>Fonte: G1<\/em><\/p>\n","protected":false},"excerpt":{"rendered":"<p>Um inc\u00eandio tomou conta de um galp\u00e3o de um im\u00f3vel, na tarde desta sexta-feira (17), no bairro Vera Cruz, em Contagem, na Regi\u00e3o Metropolitana da cidade de Belo Horizonte. O Corpo de Bombeiros informou que o espa\u00e7o tem aproximadamente 600 m\u00b2, e o fogo atingiu uma estocagem de material de constru\u00e7\u00e3o, al\u00e9m de objetos de [&hellip;]<\/p>\n","protected":false},"author":1,"featured_media":0,"comment_status":"open","ping_status":"open","sticky":false,"template":"","format":"standard","meta":{"footnotes":""},"categories":[6],"tags":[],"class_list":["post-258","post","type-post","status-publish","format-standard","hentry","category-noticias"],"_links":{"self":[{"href":"https:\/\/www.encontracontagem.com.br\/noticias\/wp-json\/wp\/v2\/posts\/258","targetHints":{"allow":["GET"]}}],"collection":[{"href":"https:\/\/www.encontracontagem.com.br\/noticias\/wp-json\/wp\/v2\/posts"}],"about":[{"href":"https:\/\/www.encontracontagem.com.br\/noticias\/wp-json\/wp\/v2\/types\/post"}],"author":[{"embeddable":true,"href":"https:\/\/www.encontracontagem.com.br\/noticias\/wp-json\/wp\/v2\/users\/1"}],"replies":[{"embeddable":true,"href":"https:\/\/www.encontracontagem.com.br\/noticias\/wp-json\/wp\/v2\/comments?post=258"}],"version-history":[{"count":5,"href":"https:\/\/www.encontracontagem.com.br\/noticias\/wp-json\/wp\/v2\/posts\/258\/revisions"}],"predecessor-version":[{"id":646,"href":"https:\/\/www.encontracontagem.com.br\/noticias\/wp-json\/wp\/v2\/posts\/258\/revisions\/646"}],"wp:attachment":[{"href":"https:\/\/www.encontracontagem.com.br\/noticias\/wp-json\/wp\/v2\/media?parent=258"}],"wp:term":[{"taxonomy":"category","embeddable":true,"href":"https:\/\/www.encontracontagem.com.br\/noticias\/wp-json\/wp\/v2\/categories?post=258"},{"taxonomy":"post_tag","embeddable":true,"href":"https:\/\/www.encontracontagem.com.br\/noticias\/wp-json\/wp\/v2\/tags?post=258"}],"curies":[{"name":"wp","href":"https:\/\/api.w.org\/{rel}","templated":true}]}}