{"id":250,"date":"2012-07-16T15:34:52","date_gmt":"2012-07-16T15:34:52","guid":{"rendered":"http:\/\/www.encontracontagem.com.br\/noticias\/?p=250"},"modified":"2013-08-19T12:06:14","modified_gmt":"2013-08-19T12:06:14","slug":"semaforos-passam-a-funcionar-na-via-expressa-em-contagem","status":"publish","type":"post","link":"https:\/\/www.encontracontagem.com.br\/noticias\/semaforos-passam-a-funcionar-na-via-expressa-em-contagem\/","title":{"rendered":"Sem\u00e1foros passam a funcionar na Via Expressa, em Contagem"},"content":{"rendered":"<p>Tr\u00eas novos sem\u00e1foros instalados na Via Expressa no bairro Cinc\u00e3o, em Contagem, passam a funcionar a partir desta segunda-feira (16). De acordo com a Transcon, tamb\u00e9m foram implantadas novas passagens para pedestres. Os sem\u00e1foros foram colocados para facilitar a travessia e melhor o tr\u00e1fego de ve\u00edculos na regi\u00e3o.<\/p>\n<p><em>Fonte: G1.com<\/em><\/p>\n","protected":false},"excerpt":{"rendered":"<p>Tr\u00eas novos sem\u00e1foros instalados na Via Expressa no bairro Cinc\u00e3o, em Contagem, passam a funcionar a partir desta segunda-feira (16). De acordo com a Transcon, tamb\u00e9m foram implantadas novas passagens para pedestres. Os sem\u00e1foros foram colocados para facilitar a travessia e melhor o tr\u00e1fego de ve\u00edculos na regi\u00e3o. Fonte: G1.com<\/p>\n","protected":false},"author":1,"featured_media":0,"comment_status":"open","ping_status":"open","sticky":false,"template":"","format":"standard","meta":{"footnotes":""},"categories":[10],"tags":[],"class_list":["post-250","post","type-post","status-publish","format-standard","hentry","category-transito"],"_links":{"self":[{"href":"https:\/\/www.encontracontagem.com.br\/noticias\/wp-json\/wp\/v2\/posts\/250","targetHints":{"allow":["GET"]}}],"collection":[{"href":"https:\/\/www.encontracontagem.com.br\/noticias\/wp-json\/wp\/v2\/posts"}],"about":[{"href":"https:\/\/www.encontracontagem.com.br\/noticias\/wp-json\/wp\/v2\/types\/post"}],"author":[{"embeddable":true,"href":"https:\/\/www.encontracontagem.com.br\/noticias\/wp-json\/wp\/v2\/users\/1"}],"replies":[{"embeddable":true,"href":"https:\/\/www.encontracontagem.com.br\/noticias\/wp-json\/wp\/v2\/comments?post=250"}],"version-history":[{"count":3,"href":"https:\/\/www.encontracontagem.com.br\/noticias\/wp-json\/wp\/v2\/posts\/250\/revisions"}],"predecessor-version":[{"id":252,"href":"https:\/\/www.encontracontagem.com.br\/noticias\/wp-json\/wp\/v2\/posts\/250\/revisions\/252"}],"wp:attachment":[{"href":"https:\/\/www.encontracontagem.com.br\/noticias\/wp-json\/wp\/v2\/media?parent=250"}],"wp:term":[{"taxonomy":"category","embeddable":true,"href":"https:\/\/www.encontracontagem.com.br\/noticias\/wp-json\/wp\/v2\/categories?post=250"},{"taxonomy":"post_tag","embeddable":true,"href":"https:\/\/www.encontracontagem.com.br\/noticias\/wp-json\/wp\/v2\/tags?post=250"}],"curies":[{"name":"wp","href":"https:\/\/api.w.org\/{rel}","templated":true}]}}