{"id":238,"date":"2012-06-28T14:02:35","date_gmt":"2012-06-28T14:02:35","guid":{"rendered":"http:\/\/www.encontracontagem.com.br\/noticias\/?p=238"},"modified":"2013-08-19T12:06:10","modified_gmt":"2013-08-19T12:06:10","slug":"plano-diretor-de-contagem","status":"publish","type":"post","link":"https:\/\/www.encontracontagem.com.br\/noticias\/plano-diretor-de-contagem\/","title":{"rendered":"Plano Diretor de Contagem"},"content":{"rendered":"<p>O Plano Diretor da cidade Contagem foi produzido, originalmente, em 1995, e revisado pela primeira vez, por determina\u00e7\u00e3o legal, em 2006.<\/p>\n<p>Em 2011, uma nova Confer\u00eancia Municipal foi convocada para discutir a necessidade de atualiza\u00e7\u00e3o do PD, cuja proposta foi conclu\u00edda em 2012, e acaba de ser entregue \u00e0 C\u00e2mara Municipal, em solenidade no gabinete da Presid\u00eancia do Legislativo,\u00a0no\u00a0dia 26 de junho, data da \u00faltima reuni\u00e3o ordin\u00e1ria dos vereadores no atual semestre legislativo.<\/p>\n<p>Depois de receber as boas-vindas do presidente da C\u00e2mara, vereador Irineu In\u00e1cio da Silva, a prefeita Mar\u00edlia Campos destacou que sua presen\u00e7a na Casa Legislativa demonstra, mais uma vez, que n\u00e3o existe paralisia no governo, seja de investimentos, nas iniciativas em rela\u00e7\u00e3o aos demais poderes constitu\u00eddos e menos ainda nas medidas governamentais necess\u00e1rias \u00e0 condu\u00e7\u00e3o do munic\u00edpio, j\u00e1 que este \u00e9 o comportamento que a cidade exige e o compromisso da administra\u00e7\u00e3o municipal.<\/p>\n<p>&#8220;Ontem mesmo estava entregando as chaves de apartamentos do programa Minha Casa, Minha Vida. Estamos concluindo obras e vamos inaugurar muitas delas, bem como vamos come\u00e7ar outras tantas. Este dinamismo que a cidade merece \u00e9 o que vamos deixar como cultura pol\u00edtica a toda a sociedade&#8221;, acrescentou.<\/p>\n<p>Real\u00e7ando o trabalho conjunto de Executivo e Legislativo, com destaque para o debate, os di\u00e1logos e as negocia\u00e7\u00f5es, Mar\u00edlia Campos entende estar construindo leis importantes que modernizam a rela\u00e7\u00e3o com a cidade, como \u00e9 o caso do Plano Diretor apresentado.<\/p>\n<p>&#8220;N\u00e3o estamos propondo uma mudan\u00e7a radical, mas uma proposta moderna que busca o desenvolvimento sustent\u00e1vel, ou seja, o crescimento econ\u00f4mico com preserva\u00e7\u00e3o ambiental e de valores sociais, com a expectativa de que este Plano Diretor esteja aprovado ainda este ano, ainda em nosso governo&#8221;, salientou.<\/p>\n<p>Fonte: <em>Prefeitura de Contagem<\/em><\/p>\n","protected":false},"excerpt":{"rendered":"<p>O Plano Diretor da cidade Contagem foi produzido, originalmente, em 1995, e revisado pela primeira vez, por determina\u00e7\u00e3o legal, em 2006. Em 2011, uma nova Confer\u00eancia Municipal foi convocada para discutir a necessidade de atualiza\u00e7\u00e3o do PD, cuja proposta foi conclu\u00edda em 2012, e acaba de ser entregue \u00e0 C\u00e2mara Municipal, em solenidade no gabinete [&hellip;]<\/p>\n","protected":false},"author":1,"featured_media":0,"comment_status":"open","ping_status":"open","sticky":false,"template":"","format":"standard","meta":{"footnotes":""},"categories":[6],"tags":[15],"class_list":["post-238","post","type-post","status-publish","format-standard","hentry","category-noticias","tag-contagem"],"_links":{"self":[{"href":"https:\/\/www.encontracontagem.com.br\/noticias\/wp-json\/wp\/v2\/posts\/238","targetHints":{"allow":["GET"]}}],"collection":[{"href":"https:\/\/www.encontracontagem.com.br\/noticias\/wp-json\/wp\/v2\/posts"}],"about":[{"href":"https:\/\/www.encontracontagem.com.br\/noticias\/wp-json\/wp\/v2\/types\/post"}],"author":[{"embeddable":true,"href":"https:\/\/www.encontracontagem.com.br\/noticias\/wp-json\/wp\/v2\/users\/1"}],"replies":[{"embeddable":true,"href":"https:\/\/www.encontracontagem.com.br\/noticias\/wp-json\/wp\/v2\/comments?post=238"}],"version-history":[{"count":3,"href":"https:\/\/www.encontracontagem.com.br\/noticias\/wp-json\/wp\/v2\/posts\/238\/revisions"}],"predecessor-version":[{"id":609,"href":"https:\/\/www.encontracontagem.com.br\/noticias\/wp-json\/wp\/v2\/posts\/238\/revisions\/609"}],"wp:attachment":[{"href":"https:\/\/www.encontracontagem.com.br\/noticias\/wp-json\/wp\/v2\/media?parent=238"}],"wp:term":[{"taxonomy":"category","embeddable":true,"href":"https:\/\/www.encontracontagem.com.br\/noticias\/wp-json\/wp\/v2\/categories?post=238"},{"taxonomy":"post_tag","embeddable":true,"href":"https:\/\/www.encontracontagem.com.br\/noticias\/wp-json\/wp\/v2\/tags?post=238"}],"curies":[{"name":"wp","href":"https:\/\/api.w.org\/{rel}","templated":true}]}}