{"id":233,"date":"2012-06-18T13:19:43","date_gmt":"2012-06-18T13:19:43","guid":{"rendered":"http:\/\/www.encontracontagem.com.br\/noticias\/?p=233"},"modified":"2013-08-19T12:06:09","modified_gmt":"2013-08-19T12:06:09","slug":"programa-nacional-de-educacao-fiscal-em-contagem","status":"publish","type":"post","link":"https:\/\/www.encontracontagem.com.br\/noticias\/programa-nacional-de-educacao-fiscal-em-contagem\/","title":{"rendered":"Programa Nacional de Educa\u00e7\u00e3o Fiscal em Contagem"},"content":{"rendered":"<p>A Escola de Administra\u00e7\u00e3o Fazend\u00e1ria, ESAF, promove o Programa Nacional de Educa\u00e7\u00e3o Fiscal no munic\u00edpio da cidade de Contagem. A iniciativa foi viabilizada a partir do trabalho conjunto da Secretaria Municipal de Educa\u00e7\u00e3o e a Secretaria Municipal de Administra\u00e7\u00e3o.<\/p>\n<p>Com temas relativos \u00e0 organiza\u00e7\u00e3o da vida em sociedade e suas implica\u00e7\u00f5es na manuten\u00e7\u00e3o de um estado democr\u00e1tico, o curso, oferecido a educadores das escolas municipais, servidores da administra\u00e7\u00e3o municipal e fiscais fazend\u00e1rios, visa trazer a reflex\u00e3o sobre a fun\u00e7\u00e3o social dos tributos e a gest\u00e3o democr\u00e1tica dos recursos p\u00fablicos.<\/p>\n<p>As aulas contribuir\u00e3o para maior conscientiza\u00e7\u00e3o do cidad\u00e3o sobre seus direitos e deveres, relativamente aos contribuintes e \u00e0 aplica\u00e7\u00e3o dos recursos p\u00fablicos, incentivando o controle social para o pleno exerc\u00edcio da cidadania. Outro objetivo \u00e9 disseminar\u00a0por meio\u00a0dos educadores escolares, os conceitos sobre gest\u00e3o fiscal pertencentes ao Programa Nacional de Educa\u00e7\u00e3o Fiscal aos estudantes de n\u00edvel fundamental e m\u00e9dio.<\/p>\n<p>Em sua primeira fase o curso \u00e9 ministrado por aula presencial com carga hor\u00e1ria de 44 horas divididos em 11 encontros com 4 horas de dura\u00e7\u00e3o e aula \u00e0 dist\u00e2ncia com carga hor\u00e1ria de 120 horas, \u00e0s segundas, quartas e sextas-feiras em um intervalo de 15 dias.<\/p>\n<p>As aulas diurnas acontecem na Nova Faculdade e as noturnas no Centec.<\/p>\n<p>J\u00e1 a segunda fase do curso ser\u00e1 mediante forma\u00e7\u00e3o de uma equipe multidisciplinar com vistas \u00e0 elabora\u00e7\u00e3o de peri\u00f3dicos por m\u00f3dulos.<\/p>\n<p>Informa\u00e7\u00f5es no telefone 3352-2215 ou pelo e-mail formacao.seduc@contagem.mg.gov.br<\/p>\n<p>Fonte: <em>Prefeitura de Contagem<\/em><\/p>\n","protected":false},"excerpt":{"rendered":"<p>A Escola de Administra\u00e7\u00e3o Fazend\u00e1ria, ESAF, promove o Programa Nacional de Educa\u00e7\u00e3o Fiscal no munic\u00edpio da cidade de Contagem. A iniciativa foi viabilizada a partir do trabalho conjunto da Secretaria Municipal de Educa\u00e7\u00e3o e a Secretaria Municipal de Administra\u00e7\u00e3o. Com temas relativos \u00e0 organiza\u00e7\u00e3o da vida em sociedade e suas implica\u00e7\u00f5es na manuten\u00e7\u00e3o de um [&hellip;]<\/p>\n","protected":false},"author":1,"featured_media":0,"comment_status":"open","ping_status":"open","sticky":false,"template":"","format":"standard","meta":{"footnotes":""},"categories":[6],"tags":[15],"class_list":["post-233","post","type-post","status-publish","format-standard","hentry","category-noticias","tag-contagem"],"_links":{"self":[{"href":"https:\/\/www.encontracontagem.com.br\/noticias\/wp-json\/wp\/v2\/posts\/233","targetHints":{"allow":["GET"]}}],"collection":[{"href":"https:\/\/www.encontracontagem.com.br\/noticias\/wp-json\/wp\/v2\/posts"}],"about":[{"href":"https:\/\/www.encontracontagem.com.br\/noticias\/wp-json\/wp\/v2\/types\/post"}],"author":[{"embeddable":true,"href":"https:\/\/www.encontracontagem.com.br\/noticias\/wp-json\/wp\/v2\/users\/1"}],"replies":[{"embeddable":true,"href":"https:\/\/www.encontracontagem.com.br\/noticias\/wp-json\/wp\/v2\/comments?post=233"}],"version-history":[{"count":3,"href":"https:\/\/www.encontracontagem.com.br\/noticias\/wp-json\/wp\/v2\/posts\/233\/revisions"}],"predecessor-version":[{"id":587,"href":"https:\/\/www.encontracontagem.com.br\/noticias\/wp-json\/wp\/v2\/posts\/233\/revisions\/587"}],"wp:attachment":[{"href":"https:\/\/www.encontracontagem.com.br\/noticias\/wp-json\/wp\/v2\/media?parent=233"}],"wp:term":[{"taxonomy":"category","embeddable":true,"href":"https:\/\/www.encontracontagem.com.br\/noticias\/wp-json\/wp\/v2\/categories?post=233"},{"taxonomy":"post_tag","embeddable":true,"href":"https:\/\/www.encontracontagem.com.br\/noticias\/wp-json\/wp\/v2\/tags?post=233"}],"curies":[{"name":"wp","href":"https:\/\/api.w.org\/{rel}","templated":true}]}}