{"id":231,"date":"2012-06-18T13:17:25","date_gmt":"2012-06-18T13:17:25","guid":{"rendered":"http:\/\/www.encontracontagem.com.br\/noticias\/?p=231"},"modified":"2013-08-19T12:06:09","modified_gmt":"2013-08-19T12:06:09","slug":"vii-mostra-ambiental-de-contagem","status":"publish","type":"post","link":"https:\/\/www.encontracontagem.com.br\/noticias\/vii-mostra-ambiental-de-contagem\/","title":{"rendered":"VII Mostra Ambiental de Contagem"},"content":{"rendered":"<p>Vem a\u00ed a VII Edi\u00e7\u00e3o da Mostra Ambiental de Contagem &#8211; As escolas mostram o que fazem.<\/p>\n<p>Com o tema &#8220;Alimenta\u00e7\u00e3o Saud\u00e1vel com Sustentabilidade&#8221;, a Prefeitura da cidade Contagem, por meio da Secretaria de Educa\u00e7\u00e3o e Cultura (Seduc) pretende refor\u00e7ar a Campanha Educativa Intersetorial lan\u00e7ada no in\u00edcio do ano letivo para incentivar a ado\u00e7\u00e3o de h\u00e1bitos saud\u00e1veis de alimenta\u00e7\u00e3o pelos alunos da rede municipal de ensino e, tamb\u00e9m, suas fam\u00edlias.<\/p>\n<p>O evento ser\u00e1 entre os dias 19 e 21 de junho, no Sesc Laces Contagem\/Betim, na Rua Padre Jos\u00e9 Maria de Man, 805, Novo Riacho, com um &#8220;card\u00e1pio&#8221; de atividades variadas, como oficinas, palestras, minicursos, gastronomia e arte, al\u00e9m de apresenta\u00e7\u00e3o de teatro, m\u00fasica e conta\u00e7\u00e3o de hist\u00f3ria.<\/p>\n<p>Haver\u00e1, tamb\u00e9m, exposi\u00e7\u00f5es de projetos desenvolvidos pelas escolas municipais sobre alimenta\u00e7\u00e3o saud\u00e1vel e de parceiros como o Sesc Laces, Senac, Copasa, Vale Verde Parque Ecol\u00f3gico, Projeto Manuelz\u00e3o, Faculdade Pit\u00e1goras, Centro Universit\u00e1rio UNA, Inhotim, Biscoitos Aymor\u00e9\/Arcor, Furnas, Ceasa, entre outros. Diversas secretarias municipais tamb\u00e9m est\u00e3o envolvidas na iniciativa.<\/p>\n<p>Fonte: <em>Prefeitura de Contagem<\/em><\/p>\n","protected":false},"excerpt":{"rendered":"<p>Vem a\u00ed a VII Edi\u00e7\u00e3o da Mostra Ambiental de Contagem &#8211; As escolas mostram o que fazem. Com o tema &#8220;Alimenta\u00e7\u00e3o Saud\u00e1vel com Sustentabilidade&#8221;, a Prefeitura da cidade Contagem, por meio da Secretaria de Educa\u00e7\u00e3o e Cultura (Seduc) pretende refor\u00e7ar a Campanha Educativa Intersetorial lan\u00e7ada no in\u00edcio do ano letivo para incentivar a ado\u00e7\u00e3o de [&hellip;]<\/p>\n","protected":false},"author":1,"featured_media":0,"comment_status":"open","ping_status":"open","sticky":false,"template":"","format":"standard","meta":{"footnotes":""},"categories":[6],"tags":[15],"class_list":["post-231","post","type-post","status-publish","format-standard","hentry","category-noticias","tag-contagem"],"_links":{"self":[{"href":"https:\/\/www.encontracontagem.com.br\/noticias\/wp-json\/wp\/v2\/posts\/231","targetHints":{"allow":["GET"]}}],"collection":[{"href":"https:\/\/www.encontracontagem.com.br\/noticias\/wp-json\/wp\/v2\/posts"}],"about":[{"href":"https:\/\/www.encontracontagem.com.br\/noticias\/wp-json\/wp\/v2\/types\/post"}],"author":[{"embeddable":true,"href":"https:\/\/www.encontracontagem.com.br\/noticias\/wp-json\/wp\/v2\/users\/1"}],"replies":[{"embeddable":true,"href":"https:\/\/www.encontracontagem.com.br\/noticias\/wp-json\/wp\/v2\/comments?post=231"}],"version-history":[{"count":3,"href":"https:\/\/www.encontracontagem.com.br\/noticias\/wp-json\/wp\/v2\/posts\/231\/revisions"}],"predecessor-version":[{"id":593,"href":"https:\/\/www.encontracontagem.com.br\/noticias\/wp-json\/wp\/v2\/posts\/231\/revisions\/593"}],"wp:attachment":[{"href":"https:\/\/www.encontracontagem.com.br\/noticias\/wp-json\/wp\/v2\/media?parent=231"}],"wp:term":[{"taxonomy":"category","embeddable":true,"href":"https:\/\/www.encontracontagem.com.br\/noticias\/wp-json\/wp\/v2\/categories?post=231"},{"taxonomy":"post_tag","embeddable":true,"href":"https:\/\/www.encontracontagem.com.br\/noticias\/wp-json\/wp\/v2\/tags?post=231"}],"curies":[{"name":"wp","href":"https:\/\/api.w.org\/{rel}","templated":true}]}}