{"id":225,"date":"2012-05-30T12:55:08","date_gmt":"2012-05-30T12:55:08","guid":{"rendered":"http:\/\/www.encontracontagem.com.br\/noticias\/?p=225"},"modified":"2013-08-19T12:06:13","modified_gmt":"2013-08-19T12:06:13","slug":"prefeita-marilia-campos-participou-do-v-dialogo-regional-de-contagem","status":"publish","type":"post","link":"https:\/\/www.encontracontagem.com.br\/noticias\/prefeita-marilia-campos-participou-do-v-dialogo-regional-de-contagem\/","title":{"rendered":"Prefeita Mar\u00edlia Campos participou do V Di\u00e1logo Regional de Contagem"},"content":{"rendered":"<p>A prefeita da cidade Contagem, Mar\u00edlia Campos participou dias 24 e 25 de maio, no Hotel Golden Tulip, em Recife, do V Di\u00e1logo Regional &#8220;Inova\u00e7\u00e3o social, a\u00e7\u00e3o p\u00fablica e coes\u00e3o social: desafios e estrat\u00e9gias&#8221;, organizado pelo Escrit\u00f3rio de Coordena\u00e7\u00e3o e Orienta\u00e7\u00e3o (OCO) do Programa URB-AL III da Comiss\u00e3o Europeia com apoio do Governo de Pernambuco.<\/p>\n<p>O encontro reuniu personalidades de seis pa\u00edses da Am\u00e9rica Latina e Europa, entre eles, ministros e secret\u00e1rios, autoridades regionais, estatais, prefeitos e representantes do poder legislativo, da sociedade civil, do setor privado e organismos internacionais.<\/p>\n<p>A tem\u00e1tica do V Di\u00e1logo Regional debateu sobre o conceito de inova\u00e7\u00e3o social, sua implementa\u00e7\u00e3o nas pol\u00edticas p\u00fablicas locais e seus potenciais em mat\u00e9ria de coes\u00e3o social, oferecendo novas oportunidades aos governos para melhorar a qualidade de vida de seus cidad\u00e3os.<\/p>\n<p>Fonte: <em>Prefeitura de Contagem<\/em><\/p>\n","protected":false},"excerpt":{"rendered":"<p>A prefeita da cidade Contagem, Mar\u00edlia Campos participou dias 24 e 25 de maio, no Hotel Golden Tulip, em Recife, do V Di\u00e1logo Regional &#8220;Inova\u00e7\u00e3o social, a\u00e7\u00e3o p\u00fablica e coes\u00e3o social: desafios e estrat\u00e9gias&#8221;, organizado pelo Escrit\u00f3rio de Coordena\u00e7\u00e3o e Orienta\u00e7\u00e3o (OCO) do Programa URB-AL III da Comiss\u00e3o Europeia com apoio do Governo de Pernambuco. [&hellip;]<\/p>\n","protected":false},"author":1,"featured_media":0,"comment_status":"open","ping_status":"open","sticky":false,"template":"","format":"standard","meta":{"footnotes":""},"categories":[6],"tags":[15],"class_list":["post-225","post","type-post","status-publish","format-standard","hentry","category-noticias","tag-contagem"],"_links":{"self":[{"href":"https:\/\/www.encontracontagem.com.br\/noticias\/wp-json\/wp\/v2\/posts\/225","targetHints":{"allow":["GET"]}}],"collection":[{"href":"https:\/\/www.encontracontagem.com.br\/noticias\/wp-json\/wp\/v2\/posts"}],"about":[{"href":"https:\/\/www.encontracontagem.com.br\/noticias\/wp-json\/wp\/v2\/types\/post"}],"author":[{"embeddable":true,"href":"https:\/\/www.encontracontagem.com.br\/noticias\/wp-json\/wp\/v2\/users\/1"}],"replies":[{"embeddable":true,"href":"https:\/\/www.encontracontagem.com.br\/noticias\/wp-json\/wp\/v2\/comments?post=225"}],"version-history":[{"count":3,"href":"https:\/\/www.encontracontagem.com.br\/noticias\/wp-json\/wp\/v2\/posts\/225\/revisions"}],"predecessor-version":[{"id":633,"href":"https:\/\/www.encontracontagem.com.br\/noticias\/wp-json\/wp\/v2\/posts\/225\/revisions\/633"}],"wp:attachment":[{"href":"https:\/\/www.encontracontagem.com.br\/noticias\/wp-json\/wp\/v2\/media?parent=225"}],"wp:term":[{"taxonomy":"category","embeddable":true,"href":"https:\/\/www.encontracontagem.com.br\/noticias\/wp-json\/wp\/v2\/categories?post=225"},{"taxonomy":"post_tag","embeddable":true,"href":"https:\/\/www.encontracontagem.com.br\/noticias\/wp-json\/wp\/v2\/tags?post=225"}],"curies":[{"name":"wp","href":"https:\/\/api.w.org\/{rel}","templated":true}]}}