{"id":221,"date":"2012-05-30T12:50:36","date_gmt":"2012-05-30T12:50:36","guid":{"rendered":"http:\/\/www.encontracontagem.com.br\/noticias\/?p=221"},"modified":"2013-08-19T12:06:10","modified_gmt":"2013-08-19T12:06:10","slug":"comeca-o-projeto-estacao-de-metareciclagem-de-contagem","status":"publish","type":"post","link":"https:\/\/www.encontracontagem.com.br\/noticias\/comeca-o-projeto-estacao-de-metareciclagem-de-contagem\/","title":{"rendered":"Come\u00e7a o projeto Esta\u00e7\u00e3o de Metareciclagem de Contagem"},"content":{"rendered":"<p>A prefeita Mar\u00edlia Campos participou nesta segunda-feira, 28 de maio, na Casa do Movimento Popular, na Cidade Industrial, do lan\u00e7amento do projeto &#8220;Esta\u00e7\u00e3o de Metareciclagem da cidade Contagem&#8221;.<\/p>\n<p>A iniciativa \u00e9 fruto da parceria entre a Prefeitura de Contagem, a Ong Contato e a Funda\u00e7\u00e3o Banco do Brasil. Participaram da solenidade os alunos que far\u00e3o os cursos, secret\u00e1rios municipais, autoridades, parlamentares, e sociedade civil.<\/p>\n<p>&#8220;\u00c9 uma satisfa\u00e7\u00e3o muito grande participar deste evento. Governar \u00e9 garantir parcerias importantes que ajudam a transformar a vida das pessoas. E al\u00e9m de tudo, oferecer oportunidades para que os jovens tenham espa\u00e7o no mercado de trabalho&#8221;, afirmou a prefeita Mar\u00edlia Campos.<\/p>\n<p>Para o diretor executivo de Desenvolvimento Social da Funda\u00e7\u00e3o Banco do Brasil, \u00c9der Marcelo de Melo, &#8220;o projeto al\u00e9m de capacitar os jovens para o mercado de trabalho, tamb\u00e9m contribui para a sustentabilidade&#8221;.<\/p>\n<p>Fonte: <em>Prefeitura de Contagem<\/em><\/p>\n","protected":false},"excerpt":{"rendered":"<p>A prefeita Mar\u00edlia Campos participou nesta segunda-feira, 28 de maio, na Casa do Movimento Popular, na Cidade Industrial, do lan\u00e7amento do projeto &#8220;Esta\u00e7\u00e3o de Metareciclagem da cidade Contagem&#8221;. A iniciativa \u00e9 fruto da parceria entre a Prefeitura de Contagem, a Ong Contato e a Funda\u00e7\u00e3o Banco do Brasil. Participaram da solenidade os alunos que far\u00e3o [&hellip;]<\/p>\n","protected":false},"author":1,"featured_media":0,"comment_status":"open","ping_status":"open","sticky":false,"template":"","format":"standard","meta":{"footnotes":""},"categories":[6],"tags":[15],"class_list":["post-221","post","type-post","status-publish","format-standard","hentry","category-noticias","tag-contagem"],"_links":{"self":[{"href":"https:\/\/www.encontracontagem.com.br\/noticias\/wp-json\/wp\/v2\/posts\/221","targetHints":{"allow":["GET"]}}],"collection":[{"href":"https:\/\/www.encontracontagem.com.br\/noticias\/wp-json\/wp\/v2\/posts"}],"about":[{"href":"https:\/\/www.encontracontagem.com.br\/noticias\/wp-json\/wp\/v2\/types\/post"}],"author":[{"embeddable":true,"href":"https:\/\/www.encontracontagem.com.br\/noticias\/wp-json\/wp\/v2\/users\/1"}],"replies":[{"embeddable":true,"href":"https:\/\/www.encontracontagem.com.br\/noticias\/wp-json\/wp\/v2\/comments?post=221"}],"version-history":[{"count":3,"href":"https:\/\/www.encontracontagem.com.br\/noticias\/wp-json\/wp\/v2\/posts\/221\/revisions"}],"predecessor-version":[{"id":604,"href":"https:\/\/www.encontracontagem.com.br\/noticias\/wp-json\/wp\/v2\/posts\/221\/revisions\/604"}],"wp:attachment":[{"href":"https:\/\/www.encontracontagem.com.br\/noticias\/wp-json\/wp\/v2\/media?parent=221"}],"wp:term":[{"taxonomy":"category","embeddable":true,"href":"https:\/\/www.encontracontagem.com.br\/noticias\/wp-json\/wp\/v2\/categories?post=221"},{"taxonomy":"post_tag","embeddable":true,"href":"https:\/\/www.encontracontagem.com.br\/noticias\/wp-json\/wp\/v2\/tags?post=221"}],"curies":[{"name":"wp","href":"https:\/\/api.w.org\/{rel}","templated":true}]}}