{"id":215,"date":"2012-05-30T12:43:40","date_gmt":"2012-05-30T12:43:40","guid":{"rendered":"http:\/\/www.encontracontagem.com.br\/noticias\/?p=215"},"modified":"2013-08-19T12:06:09","modified_gmt":"2013-08-19T12:06:09","slug":"contagem-acao-conjunta-para-limpeza-da-represa-varzea-das-flores","status":"publish","type":"post","link":"https:\/\/www.encontracontagem.com.br\/noticias\/contagem-acao-conjunta-para-limpeza-da-represa-varzea-das-flores\/","title":{"rendered":"Contagem: A\u00e7\u00e3o conjunta para limpeza da represa V\u00e1rzea das Flores"},"content":{"rendered":"<p>No pr\u00f3ximo s\u00e1bado, 2 de junho, das 9h \u00e0s 13h, a represa V\u00e1rzea das Flores, regi\u00e3o da cidade de Contagem receber\u00e1 a\u00e7\u00e3o conjunta de mutir\u00e3o de limpeza. A a\u00e7\u00e3o \u00e9 uma iniciativa da Prefeitura de Contagem, em parceria com a Prefeitura de Betim.<\/p>\n<p>O evento \u00e9 aberto ao p\u00fablico.<\/p>\n<p>O objetivo do encontro \u00e9 conscientizar os frequentadores e moradores do entorno da lagoa para a import\u00e2ncia da conserva\u00e7\u00e3o da \u00e1rea. Ser\u00e3o distribu\u00eddas luvas descart\u00e1veis para coleta dos res\u00edduos e cartilhas educativas.<\/p>\n<p>Fazem parte da a\u00e7\u00e3o, as secretarias municipais de Meio Ambiente; Adjunta de Limpeza Urbana; Educa\u00e7\u00e3o e Cultura; Defesa Civil; Corpo de Bombeiros; Pol\u00edcia Militar; Guarda Municipal; Pol\u00edcia Florestal; Ong Conviverde e Copasa.<\/p>\n<p>O evento ser\u00e1 animado pelo cantador brincante, mestre Am\u00e2ncio.<\/p>\n<p>Fonte: <em>Prefeitura de Contagem<\/em><\/p>\n","protected":false},"excerpt":{"rendered":"<p>No pr\u00f3ximo s\u00e1bado, 2 de junho, das 9h \u00e0s 13h, a represa V\u00e1rzea das Flores, regi\u00e3o da cidade de Contagem receber\u00e1 a\u00e7\u00e3o conjunta de mutir\u00e3o de limpeza. A a\u00e7\u00e3o \u00e9 uma iniciativa da Prefeitura de Contagem, em parceria com a Prefeitura de Betim. O evento \u00e9 aberto ao p\u00fablico. O objetivo do encontro \u00e9 conscientizar [&hellip;]<\/p>\n","protected":false},"author":1,"featured_media":0,"comment_status":"open","ping_status":"open","sticky":false,"template":"","format":"standard","meta":{"footnotes":""},"categories":[6],"tags":[15],"class_list":["post-215","post","type-post","status-publish","format-standard","hentry","category-noticias","tag-contagem"],"_links":{"self":[{"href":"https:\/\/www.encontracontagem.com.br\/noticias\/wp-json\/wp\/v2\/posts\/215","targetHints":{"allow":["GET"]}}],"collection":[{"href":"https:\/\/www.encontracontagem.com.br\/noticias\/wp-json\/wp\/v2\/posts"}],"about":[{"href":"https:\/\/www.encontracontagem.com.br\/noticias\/wp-json\/wp\/v2\/types\/post"}],"author":[{"embeddable":true,"href":"https:\/\/www.encontracontagem.com.br\/noticias\/wp-json\/wp\/v2\/users\/1"}],"replies":[{"embeddable":true,"href":"https:\/\/www.encontracontagem.com.br\/noticias\/wp-json\/wp\/v2\/comments?post=215"}],"version-history":[{"count":3,"href":"https:\/\/www.encontracontagem.com.br\/noticias\/wp-json\/wp\/v2\/posts\/215\/revisions"}],"predecessor-version":[{"id":592,"href":"https:\/\/www.encontracontagem.com.br\/noticias\/wp-json\/wp\/v2\/posts\/215\/revisions\/592"}],"wp:attachment":[{"href":"https:\/\/www.encontracontagem.com.br\/noticias\/wp-json\/wp\/v2\/media?parent=215"}],"wp:term":[{"taxonomy":"category","embeddable":true,"href":"https:\/\/www.encontracontagem.com.br\/noticias\/wp-json\/wp\/v2\/categories?post=215"},{"taxonomy":"post_tag","embeddable":true,"href":"https:\/\/www.encontracontagem.com.br\/noticias\/wp-json\/wp\/v2\/tags?post=215"}],"curies":[{"name":"wp","href":"https:\/\/api.w.org\/{rel}","templated":true}]}}