{"id":198,"date":"2012-05-11T13:53:14","date_gmt":"2012-05-11T13:53:14","guid":{"rendered":"http:\/\/www.encontracontagem.com.br\/noticias\/?p=198"},"modified":"2013-08-19T12:06:09","modified_gmt":"2013-08-19T12:06:09","slug":"prefeitura-de-contagem-anuncia-a-construcao-do-centro-municipal-de-educacao-infantil","status":"publish","type":"post","link":"https:\/\/www.encontracontagem.com.br\/noticias\/prefeitura-de-contagem-anuncia-a-construcao-do-centro-municipal-de-educacao-infantil\/","title":{"rendered":"Prefeitura de Contagem anuncia a constru\u00e7\u00e3o do Centro Municipal de Educa\u00e7\u00e3o Infantil"},"content":{"rendered":"<p>Em reuni\u00e3o com moradores do bairro Funcion\u00e1rios, na regi\u00e3o Sede, a prefeita da cidade de Contagem Mar\u00edlia Campos e o secret\u00e1rio de Educa\u00e7\u00e3o e Cultura, Lindomar Diamantino, anunciaram a constru\u00e7\u00e3o do Centro Municipal de Educa\u00e7\u00e3o Infantil &#8211; Cemei Funcion\u00e1rios.<\/p>\n<p>O centro \u00e9 mais uma obra escolhida pela comunidade atrav\u00e9s do Or\u00e7amento Participativo.<\/p>\n<p>Durante o evento, a prefeita informou sobre novos investimentos nas \u00e1reas de sa\u00fade, educa\u00e7\u00e3o, infraestrutura, lazer e outras que comp\u00f5em as pol\u00edticas p\u00fablicas criadas por sua administra\u00e7\u00e3o.<\/p>\n<p>Fonte: <em>Prefeitura de Contagem<\/em><\/p>\n","protected":false},"excerpt":{"rendered":"<p>Em reuni\u00e3o com moradores do bairro Funcion\u00e1rios, na regi\u00e3o Sede, a prefeita da cidade de Contagem Mar\u00edlia Campos e o secret\u00e1rio de Educa\u00e7\u00e3o e Cultura, Lindomar Diamantino, anunciaram a constru\u00e7\u00e3o do Centro Municipal de Educa\u00e7\u00e3o Infantil &#8211; Cemei Funcion\u00e1rios. O centro \u00e9 mais uma obra escolhida pela comunidade atrav\u00e9s do Or\u00e7amento Participativo. Durante o evento, [&hellip;]<\/p>\n","protected":false},"author":1,"featured_media":0,"comment_status":"open","ping_status":"open","sticky":false,"template":"","format":"standard","meta":{"footnotes":""},"categories":[6],"tags":[15],"class_list":["post-198","post","type-post","status-publish","format-standard","hentry","category-noticias","tag-contagem"],"_links":{"self":[{"href":"https:\/\/www.encontracontagem.com.br\/noticias\/wp-json\/wp\/v2\/posts\/198","targetHints":{"allow":["GET"]}}],"collection":[{"href":"https:\/\/www.encontracontagem.com.br\/noticias\/wp-json\/wp\/v2\/posts"}],"about":[{"href":"https:\/\/www.encontracontagem.com.br\/noticias\/wp-json\/wp\/v2\/types\/post"}],"author":[{"embeddable":true,"href":"https:\/\/www.encontracontagem.com.br\/noticias\/wp-json\/wp\/v2\/users\/1"}],"replies":[{"embeddable":true,"href":"https:\/\/www.encontracontagem.com.br\/noticias\/wp-json\/wp\/v2\/comments?post=198"}],"version-history":[{"count":3,"href":"https:\/\/www.encontracontagem.com.br\/noticias\/wp-json\/wp\/v2\/posts\/198\/revisions"}],"predecessor-version":[{"id":591,"href":"https:\/\/www.encontracontagem.com.br\/noticias\/wp-json\/wp\/v2\/posts\/198\/revisions\/591"}],"wp:attachment":[{"href":"https:\/\/www.encontracontagem.com.br\/noticias\/wp-json\/wp\/v2\/media?parent=198"}],"wp:term":[{"taxonomy":"category","embeddable":true,"href":"https:\/\/www.encontracontagem.com.br\/noticias\/wp-json\/wp\/v2\/categories?post=198"},{"taxonomy":"post_tag","embeddable":true,"href":"https:\/\/www.encontracontagem.com.br\/noticias\/wp-json\/wp\/v2\/tags?post=198"}],"curies":[{"name":"wp","href":"https:\/\/api.w.org\/{rel}","templated":true}]}}