{"id":196,"date":"2012-05-11T13:39:50","date_gmt":"2012-05-11T13:39:50","guid":{"rendered":"http:\/\/www.encontracontagem.com.br\/noticias\/?p=196"},"modified":"2013-08-19T12:06:12","modified_gmt":"2013-08-19T12:06:12","slug":"projeto-social-implantado-em-contagem-e-um-dos-vencedores-do-premio-odm-2011","status":"publish","type":"post","link":"https:\/\/www.encontracontagem.com.br\/noticias\/projeto-social-implantado-em-contagem-e-um-dos-vencedores-do-premio-odm-2011\/","title":{"rendered":"Projeto social implantado em Contagem \u00e9 um dos vencedores do pr\u00eamio ODM 2011"},"content":{"rendered":"<p>Foram divulgados os 20 vencedores do Pr\u00eamio ODM Brasil. A Prefeitura da cidade de Contagem foi finalista com o projeto &#8220;Entre g\u00eaneros: nova educa\u00e7\u00e3o para as rela\u00e7\u00f5es de g\u00eanero&#8221;.<\/p>\n<p>O &#8220;Entre G\u00eaneros&#8221; trabalha com a forma\u00e7\u00e3o e capacita\u00e7\u00e3o nas comunidades (homens e mulheres, a partir de 15 anos, participantes do Programa Escola Aberta para Todos) para a cria\u00e7\u00e3o de grupos regionalizados com o objetivo de construir e consolidar estrat\u00e9gias locais de enfrentamento \u00e0 viol\u00eancia contra as mulheres.<\/p>\n<p>Ao todo, foram 1.638 pr\u00e1ticas inscritas, sendo 918 relativas a organiza\u00e7\u00f5es da sociedade civil e 720 a prefeituras de todo o Brasil.<\/p>\n<p>A sele\u00e7\u00e3o dos premiados foi feita\u00a0pela Escola Nacional de Administra\u00e7\u00e3o P\u00fablica (Enap), com a participa\u00e7\u00e3o de 15 especialistas de diversos estados do pa\u00eds. A cerim\u00f4nia de premia\u00e7\u00e3o est\u00e1 prevista para ocorrer no final deste m\u00eas, em Bras\u00edlia.<\/p>\n<p>Fonte: <em>Prefeitura de Contagem<\/em><\/p>\n","protected":false},"excerpt":{"rendered":"<p>Foram divulgados os 20 vencedores do Pr\u00eamio ODM Brasil. A Prefeitura da cidade de Contagem foi finalista com o projeto &#8220;Entre g\u00eaneros: nova educa\u00e7\u00e3o para as rela\u00e7\u00f5es de g\u00eanero&#8221;. O &#8220;Entre G\u00eaneros&#8221; trabalha com a forma\u00e7\u00e3o e capacita\u00e7\u00e3o nas comunidades (homens e mulheres, a partir de 15 anos, participantes do Programa Escola Aberta para Todos) [&hellip;]<\/p>\n","protected":false},"author":1,"featured_media":0,"comment_status":"open","ping_status":"open","sticky":false,"template":"","format":"standard","meta":{"footnotes":""},"categories":[6],"tags":[15],"class_list":["post-196","post","type-post","status-publish","format-standard","hentry","category-noticias","tag-contagem"],"_links":{"self":[{"href":"https:\/\/www.encontracontagem.com.br\/noticias\/wp-json\/wp\/v2\/posts\/196","targetHints":{"allow":["GET"]}}],"collection":[{"href":"https:\/\/www.encontracontagem.com.br\/noticias\/wp-json\/wp\/v2\/posts"}],"about":[{"href":"https:\/\/www.encontracontagem.com.br\/noticias\/wp-json\/wp\/v2\/types\/post"}],"author":[{"embeddable":true,"href":"https:\/\/www.encontracontagem.com.br\/noticias\/wp-json\/wp\/v2\/users\/1"}],"replies":[{"embeddable":true,"href":"https:\/\/www.encontracontagem.com.br\/noticias\/wp-json\/wp\/v2\/comments?post=196"}],"version-history":[{"count":4,"href":"https:\/\/www.encontracontagem.com.br\/noticias\/wp-json\/wp\/v2\/posts\/196\/revisions"}],"predecessor-version":[{"id":626,"href":"https:\/\/www.encontracontagem.com.br\/noticias\/wp-json\/wp\/v2\/posts\/196\/revisions\/626"}],"wp:attachment":[{"href":"https:\/\/www.encontracontagem.com.br\/noticias\/wp-json\/wp\/v2\/media?parent=196"}],"wp:term":[{"taxonomy":"category","embeddable":true,"href":"https:\/\/www.encontracontagem.com.br\/noticias\/wp-json\/wp\/v2\/categories?post=196"},{"taxonomy":"post_tag","embeddable":true,"href":"https:\/\/www.encontracontagem.com.br\/noticias\/wp-json\/wp\/v2\/tags?post=196"}],"curies":[{"name":"wp","href":"https:\/\/api.w.org\/{rel}","templated":true}]}}