{"id":194,"date":"2012-05-11T13:35:21","date_gmt":"2012-05-11T13:35:21","guid":{"rendered":"http:\/\/www.encontracontagem.com.br\/noticias\/?p=194"},"modified":"2013-08-19T12:06:06","modified_gmt":"2013-08-19T12:06:06","slug":"prefeitura-de-contagem-realiza-forum-municipal-da-juventude","status":"publish","type":"post","link":"https:\/\/www.encontracontagem.com.br\/noticias\/prefeitura-de-contagem-realiza-forum-municipal-da-juventude\/","title":{"rendered":"Prefeitura de Contagem realiza F\u00f3rum Municipal da Juventude"},"content":{"rendered":"<p>Organizado pela Secretaria Municipal de Governo atrav\u00e9s da Coordenadoria de Pol\u00edticas para a Juventude foi realizado o F\u00f3rum Municipal da Juventude &#8211; \u201cum debate sobre as Pol\u00edticas P\u00fablicas de Juventude\u201d, \u00a0cumprindo delibera\u00e7\u00f5es e contribuindo para as discuss\u00f5es iniciadas na I Conferencia de Juventude da cidade Contagem em 2011.<\/p>\n<p>No encontro foi escolhida uma Comiss\u00e3o de Sistematiza\u00e7\u00e3o e Elabora\u00e7\u00e3o da Minuta de Lei, regulamentada pela Portaria da Segov 001\/2012, para discutir o anteprojeto de lei que cria o Conselho Municipal da Juventude.<\/p>\n<p>A Comiss\u00e3o tem at\u00e9 22 de maio para colher sugest\u00f5es e at\u00e9 24 de maio para finalizar a proposta que ser\u00e1 encaminhada \u00e0 C\u00e2mara Municipal.<\/p>\n<p>Fonte: <em>Prefeitura de Contagem<\/em><\/p>\n","protected":false},"excerpt":{"rendered":"<p>Organizado pela Secretaria Municipal de Governo atrav\u00e9s da Coordenadoria de Pol\u00edticas para a Juventude foi realizado o F\u00f3rum Municipal da Juventude &#8211; \u201cum debate sobre as Pol\u00edticas P\u00fablicas de Juventude\u201d, \u00a0cumprindo delibera\u00e7\u00f5es e contribuindo para as discuss\u00f5es iniciadas na I Conferencia de Juventude da cidade Contagem em 2011. No encontro foi escolhida uma Comiss\u00e3o de [&hellip;]<\/p>\n","protected":false},"author":1,"featured_media":0,"comment_status":"open","ping_status":"open","sticky":false,"template":"","format":"standard","meta":{"footnotes":""},"categories":[6],"tags":[15],"class_list":["post-194","post","type-post","status-publish","format-standard","hentry","category-noticias","tag-contagem"],"_links":{"self":[{"href":"https:\/\/www.encontracontagem.com.br\/noticias\/wp-json\/wp\/v2\/posts\/194","targetHints":{"allow":["GET"]}}],"collection":[{"href":"https:\/\/www.encontracontagem.com.br\/noticias\/wp-json\/wp\/v2\/posts"}],"about":[{"href":"https:\/\/www.encontracontagem.com.br\/noticias\/wp-json\/wp\/v2\/types\/post"}],"author":[{"embeddable":true,"href":"https:\/\/www.encontracontagem.com.br\/noticias\/wp-json\/wp\/v2\/users\/1"}],"replies":[{"embeddable":true,"href":"https:\/\/www.encontracontagem.com.br\/noticias\/wp-json\/wp\/v2\/comments?post=194"}],"version-history":[{"count":2,"href":"https:\/\/www.encontracontagem.com.br\/noticias\/wp-json\/wp\/v2\/posts\/194\/revisions"}],"predecessor-version":[{"id":534,"href":"https:\/\/www.encontracontagem.com.br\/noticias\/wp-json\/wp\/v2\/posts\/194\/revisions\/534"}],"wp:attachment":[{"href":"https:\/\/www.encontracontagem.com.br\/noticias\/wp-json\/wp\/v2\/media?parent=194"}],"wp:term":[{"taxonomy":"category","embeddable":true,"href":"https:\/\/www.encontracontagem.com.br\/noticias\/wp-json\/wp\/v2\/categories?post=194"},{"taxonomy":"post_tag","embeddable":true,"href":"https:\/\/www.encontracontagem.com.br\/noticias\/wp-json\/wp\/v2\/tags?post=194"}],"curies":[{"name":"wp","href":"https:\/\/api.w.org\/{rel}","templated":true}]}}