{"id":192,"date":"2012-05-11T13:32:22","date_gmt":"2012-05-11T13:32:22","guid":{"rendered":"http:\/\/www.encontracontagem.com.br\/noticias\/?p=192"},"modified":"2013-08-19T12:06:09","modified_gmt":"2013-08-19T12:06:09","slug":"v-semana-municipal-de-combate-ao-racismo-em-contagem","status":"publish","type":"post","link":"https:\/\/www.encontracontagem.com.br\/noticias\/v-semana-municipal-de-combate-ao-racismo-em-contagem\/","title":{"rendered":"V Semana Municipal de Combate ao Racismo em Contagem"},"content":{"rendered":"<p>A Prefeitura da cidade de Contagem, por meio das secretarias de Direito e Cidadania e Educa\u00e7\u00e3o e Cultura, promove a V Semana Municipal de Combate ao Racismo, nos dias 14, 15 e 18 de maio.<\/p>\n<p>Na programa\u00e7\u00e3o, diversas atividades com o objetivo de promover o encontro do p\u00fablico com a produ\u00e7\u00e3o acad\u00eamica, viv\u00eancia na tradi\u00e7\u00e3o, religiosidade e cultura afro-brasileira.<\/p>\n<p>Para abrir o evento, o professor, escritor e cientista pol\u00edtico, Dr.Carlos Moore, ministrar\u00e1 a palestra &#8220;Col\u00f3quio Racismo: A humanidade contra si mesma&#8221;, a partir das 19h na tenda da Prefeitura, na Pra\u00e7a Tancredo Neves, 200.<\/p>\n<p>No pr\u00f3ximo dia 18, \u00e0s 16h, a Secretaria Municipal de Educa\u00e7\u00e3o estar\u00e1 presente na Bienal do Livro, no Expominas (Bairro Gameleira, em Belo Horizonte), com a palestra da doutora em estudos liter\u00e1rios, \u00cdris Am\u00e2ncio: &#8220;Os impactos do racismo na inf\u00e2ncia e a import\u00e2ncia da literatura infantil na afirma\u00e7\u00e3o da identidade \u00e9tnico racial&#8221;.<\/p>\n<p>O evento pretende ainda fortalecer as presen\u00e7as do governo e da sociedade civil nas a\u00e7\u00f5es de combate \u00e0 intoler\u00e2ncia religiosa, al\u00e9m de valorizar a cultura negra no munic\u00edpio, por meio das rela\u00e7\u00f5es sociais em favor da igualdade e respeito \u00e0 diversidade.<\/p>\n<p>Fonte: <em>Prefeitura de Contagem<\/em><\/p>\n","protected":false},"excerpt":{"rendered":"<p>A Prefeitura da cidade de Contagem, por meio das secretarias de Direito e Cidadania e Educa\u00e7\u00e3o e Cultura, promove a V Semana Municipal de Combate ao Racismo, nos dias 14, 15 e 18 de maio. Na programa\u00e7\u00e3o, diversas atividades com o objetivo de promover o encontro do p\u00fablico com a produ\u00e7\u00e3o acad\u00eamica, viv\u00eancia na tradi\u00e7\u00e3o, [&hellip;]<\/p>\n","protected":false},"author":1,"featured_media":0,"comment_status":"open","ping_status":"open","sticky":false,"template":"","format":"standard","meta":{"footnotes":""},"categories":[6],"tags":[15],"class_list":["post-192","post","type-post","status-publish","format-standard","hentry","category-noticias","tag-contagem"],"_links":{"self":[{"href":"https:\/\/www.encontracontagem.com.br\/noticias\/wp-json\/wp\/v2\/posts\/192","targetHints":{"allow":["GET"]}}],"collection":[{"href":"https:\/\/www.encontracontagem.com.br\/noticias\/wp-json\/wp\/v2\/posts"}],"about":[{"href":"https:\/\/www.encontracontagem.com.br\/noticias\/wp-json\/wp\/v2\/types\/post"}],"author":[{"embeddable":true,"href":"https:\/\/www.encontracontagem.com.br\/noticias\/wp-json\/wp\/v2\/users\/1"}],"replies":[{"embeddable":true,"href":"https:\/\/www.encontracontagem.com.br\/noticias\/wp-json\/wp\/v2\/comments?post=192"}],"version-history":[{"count":3,"href":"https:\/\/www.encontracontagem.com.br\/noticias\/wp-json\/wp\/v2\/posts\/192\/revisions"}],"predecessor-version":[{"id":590,"href":"https:\/\/www.encontracontagem.com.br\/noticias\/wp-json\/wp\/v2\/posts\/192\/revisions\/590"}],"wp:attachment":[{"href":"https:\/\/www.encontracontagem.com.br\/noticias\/wp-json\/wp\/v2\/media?parent=192"}],"wp:term":[{"taxonomy":"category","embeddable":true,"href":"https:\/\/www.encontracontagem.com.br\/noticias\/wp-json\/wp\/v2\/categories?post=192"},{"taxonomy":"post_tag","embeddable":true,"href":"https:\/\/www.encontracontagem.com.br\/noticias\/wp-json\/wp\/v2\/tags?post=192"}],"curies":[{"name":"wp","href":"https:\/\/api.w.org\/{rel}","templated":true}]}}