{"id":176,"date":"2012-04-10T20:03:29","date_gmt":"2012-04-10T20:03:29","guid":{"rendered":"http:\/\/www.encontracontagem.com.br\/noticias\/?p=176"},"modified":"2013-08-19T12:06:10","modified_gmt":"2013-08-19T12:06:10","slug":"projeto-tudoaver-chega-a-contagem","status":"publish","type":"post","link":"https:\/\/www.encontracontagem.com.br\/noticias\/projeto-tudoaver-chega-a-contagem\/","title":{"rendered":"Projeto Tudoaver chega a Contagem"},"content":{"rendered":"<p>A Prefeitura da cidade Contagem, por meio da Coordenadoria de Cultura, e o Big Shopping, convidam para a exposi\u00e7\u00e3o &#8220;Territ\u00f3rios &#8211; Mapas\/Recortes&#8221; do artista Dolci\u00e9lio Amaral e pain\u00e9s ilustrativos das atividades dos Territ\u00f3rios Educativos de Contagem \/ Programa Escola Integral da Prefeitura. S\u00e3o duas exposi\u00e7\u00f5es distintas com o mesmo t\u00edtulo &#8220;Territ\u00f3rios&#8221;.<\/p>\n<p>Ambas abordam a quest\u00e3o da territorialidade, com conceitos diferentes.<\/p>\n<p>Territ\u00f3rios &#8211; Mapas\/Recortes do artista Dolci\u00e9lio Amaral<br \/>\nSala 1 &#8211; Casa Amarela do Centro Cultural<\/p>\n<p>O artista Dolci\u00e9lio Amaral apropria-se de mapas de viagem e recria os territ\u00f3rios por onde passou, atrav\u00e9s de recortes e colagens de car\u00e1ter conceitual. S\u00e3o 10 trabalhos originais emoldurados no tamanho 60 x 40 cm e 10 amplia\u00e7\u00f5es digitais em papel no formato 100 x 70 cm.<\/p>\n<p>&#8220;A id\u00e9ia surgiu a partir das minhas viagens de f\u00e9rias. Queria fazer um trabalho pl\u00e1stico na volta, mas at\u00e9 ent\u00e3o n\u00e3o sabia o que seria. Tirei fotos, filmei lugares, mas n\u00e3o vi nesses registros algo que me interessasse. S\u00f3 quando voltei e comecei a recordar os lugares por onde passei e como eu me deslocava de um lado para o outro foi que finalmente veio a id\u00e9ia.<\/p>\n<p>A primeira coisa que eu fazia ao chegar \u00e0s cidades era ir at\u00e9 um ponto de informa\u00e7\u00f5es tur\u00edsticas e pedir um mapa da cidade. Com ele ficava mais f\u00e1cil encontrar pontos tur\u00edsticos, hot\u00e9is, museus e outras coisas.<\/p>\n<p>A partir dos mapas e meios de transportes, surgiu a inspira\u00e7\u00e3o de realizar um trabalho simples, mas que abordasse a quest\u00e3o do deslocamento indiv\u00edduo no espa\u00e7o urbano e sua orienta\u00e7\u00e3o espacial no &#8220;territ\u00f3rio&#8221; onde vive ou est\u00e1 de passagem&#8221;, explica o artista Dolci\u00e9lio Amaral<\/p>\n<p><strong>Territ\u00f3rios &#8211; pain\u00e9s ilustrativos das atividades dos Territ\u00f3rios Educativos de Contagem \/ Programa Escola Integral da Prefeitura. <\/strong><br \/>\nSala 2 &#8211; Casa Amarela do Centro Cultural<\/p>\n<p>Mostra de car\u00e1ter institucional que ilustra atividades desenvolvidas em 16 Territ\u00f3rios Educativos (TEDS), do Programa Escola Integral\/Prefeitura de Contagem. S\u00e3o impress\u00f5es digitais, tamanho 90 x 150 cm, contendo imagens fotogr\u00e1ficas.<br \/>\nAs exposi\u00e7\u00f5es &#8220;Territ\u00f3rios&#8221; podem ser visitadas de 12 a 30 de abril, no Centro Cultural de Contagem. De segunda a sexta, das 9h \u00e0s 17h.<\/p>\n<p>Contatos: Dolci\u00e9lio &#8211; (31) 8768 7667 dolcielio@hotmail.com<br \/>\nPrograma Escola Intergral: integrarcontagem@gmail.com<\/p>\n<p>Fonte:<em> Prefeitura de Contagem<\/em><\/p>\n","protected":false},"excerpt":{"rendered":"<p>A Prefeitura da cidade Contagem, por meio da Coordenadoria de Cultura, e o Big Shopping, convidam para a exposi\u00e7\u00e3o &#8220;Territ\u00f3rios &#8211; Mapas\/Recortes&#8221; do artista Dolci\u00e9lio Amaral e pain\u00e9s ilustrativos das atividades dos Territ\u00f3rios Educativos de Contagem \/ Programa Escola Integral da Prefeitura. S\u00e3o duas exposi\u00e7\u00f5es distintas com o mesmo t\u00edtulo &#8220;Territ\u00f3rios&#8221;. Ambas abordam a quest\u00e3o [&hellip;]<\/p>\n","protected":false},"author":1,"featured_media":0,"comment_status":"open","ping_status":"open","sticky":false,"template":"","format":"standard","meta":{"footnotes":""},"categories":[6],"tags":[15],"class_list":["post-176","post","type-post","status-publish","format-standard","hentry","category-noticias","tag-contagem"],"_links":{"self":[{"href":"https:\/\/www.encontracontagem.com.br\/noticias\/wp-json\/wp\/v2\/posts\/176","targetHints":{"allow":["GET"]}}],"collection":[{"href":"https:\/\/www.encontracontagem.com.br\/noticias\/wp-json\/wp\/v2\/posts"}],"about":[{"href":"https:\/\/www.encontracontagem.com.br\/noticias\/wp-json\/wp\/v2\/types\/post"}],"author":[{"embeddable":true,"href":"https:\/\/www.encontracontagem.com.br\/noticias\/wp-json\/wp\/v2\/users\/1"}],"replies":[{"embeddable":true,"href":"https:\/\/www.encontracontagem.com.br\/noticias\/wp-json\/wp\/v2\/comments?post=176"}],"version-history":[{"count":3,"href":"https:\/\/www.encontracontagem.com.br\/noticias\/wp-json\/wp\/v2\/posts\/176\/revisions"}],"predecessor-version":[{"id":611,"href":"https:\/\/www.encontracontagem.com.br\/noticias\/wp-json\/wp\/v2\/posts\/176\/revisions\/611"}],"wp:attachment":[{"href":"https:\/\/www.encontracontagem.com.br\/noticias\/wp-json\/wp\/v2\/media?parent=176"}],"wp:term":[{"taxonomy":"category","embeddable":true,"href":"https:\/\/www.encontracontagem.com.br\/noticias\/wp-json\/wp\/v2\/categories?post=176"},{"taxonomy":"post_tag","embeddable":true,"href":"https:\/\/www.encontracontagem.com.br\/noticias\/wp-json\/wp\/v2\/tags?post=176"}],"curies":[{"name":"wp","href":"https:\/\/api.w.org\/{rel}","templated":true}]}}