{"id":172,"date":"2012-04-10T19:57:55","date_gmt":"2012-04-10T19:57:55","guid":{"rendered":"http:\/\/www.encontracontagem.com.br\/noticias\/?p=172"},"modified":"2013-08-19T12:06:10","modified_gmt":"2013-08-19T12:06:10","slug":"inaugurada-a-avenida-dos-retirantes-no-bairro-retiro-em-contagem","status":"publish","type":"post","link":"https:\/\/www.encontracontagem.com.br\/noticias\/inaugurada-a-avenida-dos-retirantes-no-bairro-retiro-em-contagem\/","title":{"rendered":"Inaugurada a Avenida dos Retirantes no Bairro Retiro em Contagem"},"content":{"rendered":"<p>A comunidade do Bairro Retiro, cidade Contagem, participou da festa de inaugura\u00e7\u00e3o da Avenida dos Retirantes, um trecho que 1420 metros de via, entregue \u00e0 popula\u00e7\u00e3o no s\u00e1bado, 30 de mar\u00e7o.<\/p>\n<p>Al\u00e9m de facilitar o tr\u00e1fego na regi\u00e3o, a obra mudou o cen\u00e1rio do local, antes ocupado por lixo, mato e, tamb\u00e9m, pelo c\u00f3rrego Retiro, que sempre gerava problemas nos per\u00edodos de chuva.<\/p>\n<p>A prefeita Mar\u00edlia Campos n\u00e3o escondeu a emo\u00e7\u00e3o por participar da festa. &#8220;Valeu a pena estar \u00e0 frente da Prefeitura nesses dois mandatos. Estamos fazendo festas, hoje, para colher o que plantamos&#8221;, disse.<\/p>\n<p>De acordo com o secret\u00e1rio municipal de Obras, Leonardo Castro, essa foi a primeira etapa das obras de tratamento do c\u00f3rrego Retiro e seus afluentes, com recursos do PAC.<\/p>\n<p>O projeto demandou investimento de R$ 6,9 milh\u00f5es.<\/p>\n<p>Fonte: <em>Prefeitura de Contagem<\/em><\/p>\n","protected":false},"excerpt":{"rendered":"<p>A comunidade do Bairro Retiro, cidade Contagem, participou da festa de inaugura\u00e7\u00e3o da Avenida dos Retirantes, um trecho que 1420 metros de via, entregue \u00e0 popula\u00e7\u00e3o no s\u00e1bado, 30 de mar\u00e7o. Al\u00e9m de facilitar o tr\u00e1fego na regi\u00e3o, a obra mudou o cen\u00e1rio do local, antes ocupado por lixo, mato e, tamb\u00e9m, pelo c\u00f3rrego Retiro, [&hellip;]<\/p>\n","protected":false},"author":1,"featured_media":0,"comment_status":"open","ping_status":"open","sticky":false,"template":"","format":"standard","meta":{"footnotes":""},"categories":[6],"tags":[15],"class_list":["post-172","post","type-post","status-publish","format-standard","hentry","category-noticias","tag-contagem"],"_links":{"self":[{"href":"https:\/\/www.encontracontagem.com.br\/noticias\/wp-json\/wp\/v2\/posts\/172","targetHints":{"allow":["GET"]}}],"collection":[{"href":"https:\/\/www.encontracontagem.com.br\/noticias\/wp-json\/wp\/v2\/posts"}],"about":[{"href":"https:\/\/www.encontracontagem.com.br\/noticias\/wp-json\/wp\/v2\/types\/post"}],"author":[{"embeddable":true,"href":"https:\/\/www.encontracontagem.com.br\/noticias\/wp-json\/wp\/v2\/users\/1"}],"replies":[{"embeddable":true,"href":"https:\/\/www.encontracontagem.com.br\/noticias\/wp-json\/wp\/v2\/comments?post=172"}],"version-history":[{"count":3,"href":"https:\/\/www.encontracontagem.com.br\/noticias\/wp-json\/wp\/v2\/posts\/172\/revisions"}],"predecessor-version":[{"id":610,"href":"https:\/\/www.encontracontagem.com.br\/noticias\/wp-json\/wp\/v2\/posts\/172\/revisions\/610"}],"wp:attachment":[{"href":"https:\/\/www.encontracontagem.com.br\/noticias\/wp-json\/wp\/v2\/media?parent=172"}],"wp:term":[{"taxonomy":"category","embeddable":true,"href":"https:\/\/www.encontracontagem.com.br\/noticias\/wp-json\/wp\/v2\/categories?post=172"},{"taxonomy":"post_tag","embeddable":true,"href":"https:\/\/www.encontracontagem.com.br\/noticias\/wp-json\/wp\/v2\/tags?post=172"}],"curies":[{"name":"wp","href":"https:\/\/api.w.org\/{rel}","templated":true}]}}