{"id":164,"date":"2012-04-10T19:47:32","date_gmt":"2012-04-10T19:47:32","guid":{"rendered":"http:\/\/www.encontracontagem.com.br\/noticias\/?p=164"},"modified":"2013-08-19T12:06:06","modified_gmt":"2013-08-19T12:06:06","slug":"mais-600-titulos-de-posse-sao-entregues-em-contagem","status":"publish","type":"post","link":"https:\/\/www.encontracontagem.com.br\/noticias\/mais-600-titulos-de-posse-sao-entregues-em-contagem\/","title":{"rendered":"Mais 600 t\u00edtulos de posse s\u00e3o entregues em Contagem"},"content":{"rendered":"<p>No s\u00e1bado, dia 24, em cerim\u00f4nia na Pra\u00e7a do Correto, na cidade Contagem, foi realizada a 4\u00aa etapa da entrega de t\u00edtulos de posse aos moradores beneficiados pelo Programa de Regulariza\u00e7\u00e3o Fundi\u00e1ria de Nova Contagem.<\/p>\n<p>Nesta etapa foram entregues mais 600 t\u00edtulos, totalizando 3.242 documentos entregues aos beneficiados.<\/p>\n<p>O Programa de Regulariza\u00e7\u00e3o Fundi\u00e1ria em Nova Contagem \u00e9 considerado o maior programa de regulariza\u00e7\u00e3o fundi\u00e1ria realizado em Minas Gerais.<\/p>\n<p>Para a prefeita Mar\u00edlia Campos, &#8220;o seu sucesso pautou a reivindica\u00e7\u00e3o em outras regi\u00f5es do munic\u00edpio&#8221;. &#8220;A fama da Regulariza\u00e7\u00e3o Fundi\u00e1ria em Nova Contagem se espalhou e faremos no Nacional, Vila It\u00e1lia, Vila Beatriz e Vila Maracan\u00e3&#8221;, pronunciou.<\/p>\n<p>Segundo o administrador da Regional Vargem das Flores, Rodnei Ferreira, a regulariza\u00e7\u00e3o fundi\u00e1ria na regi\u00e3o &#8220;\u00e9 um sinal de desenvolvimento que antes a popula\u00e7\u00e3o n\u00e3o vislumbrava e que deve incentivar novos investimentos&#8221;.<\/p>\n<p>&#8220;Antigamente, os moradores de Nova Contagem s\u00f3 pediam cal\u00e7amento nas ruas e isso j\u00e1 era bom, pois n\u00e3o esper\u00e1vamos mais nada. &#8220;Essa interven\u00e7\u00e3o mostra que as pessoas daqui est\u00e3o procurando uma vida melhor,e est\u00e3o vivendo com mais dignidade&#8221;, reconheceu.<\/p>\n<p>Fonte: <em>Prefeitura de Contagem<\/em><\/p>\n","protected":false},"excerpt":{"rendered":"<p>No s\u00e1bado, dia 24, em cerim\u00f4nia na Pra\u00e7a do Correto, na cidade Contagem, foi realizada a 4\u00aa etapa da entrega de t\u00edtulos de posse aos moradores beneficiados pelo Programa de Regulariza\u00e7\u00e3o Fundi\u00e1ria de Nova Contagem. Nesta etapa foram entregues mais 600 t\u00edtulos, totalizando 3.242 documentos entregues aos beneficiados. O Programa de Regulariza\u00e7\u00e3o Fundi\u00e1ria em Nova [&hellip;]<\/p>\n","protected":false},"author":1,"featured_media":0,"comment_status":"open","ping_status":"open","sticky":false,"template":"","format":"standard","meta":{"footnotes":""},"categories":[6],"tags":[15],"class_list":["post-164","post","type-post","status-publish","format-standard","hentry","category-noticias","tag-contagem"],"_links":{"self":[{"href":"https:\/\/www.encontracontagem.com.br\/noticias\/wp-json\/wp\/v2\/posts\/164","targetHints":{"allow":["GET"]}}],"collection":[{"href":"https:\/\/www.encontracontagem.com.br\/noticias\/wp-json\/wp\/v2\/posts"}],"about":[{"href":"https:\/\/www.encontracontagem.com.br\/noticias\/wp-json\/wp\/v2\/types\/post"}],"author":[{"embeddable":true,"href":"https:\/\/www.encontracontagem.com.br\/noticias\/wp-json\/wp\/v2\/users\/1"}],"replies":[{"embeddable":true,"href":"https:\/\/www.encontracontagem.com.br\/noticias\/wp-json\/wp\/v2\/comments?post=164"}],"version-history":[{"count":3,"href":"https:\/\/www.encontracontagem.com.br\/noticias\/wp-json\/wp\/v2\/posts\/164\/revisions"}],"predecessor-version":[{"id":526,"href":"https:\/\/www.encontracontagem.com.br\/noticias\/wp-json\/wp\/v2\/posts\/164\/revisions\/526"}],"wp:attachment":[{"href":"https:\/\/www.encontracontagem.com.br\/noticias\/wp-json\/wp\/v2\/media?parent=164"}],"wp:term":[{"taxonomy":"category","embeddable":true,"href":"https:\/\/www.encontracontagem.com.br\/noticias\/wp-json\/wp\/v2\/categories?post=164"},{"taxonomy":"post_tag","embeddable":true,"href":"https:\/\/www.encontracontagem.com.br\/noticias\/wp-json\/wp\/v2\/tags?post=164"}],"curies":[{"name":"wp","href":"https:\/\/api.w.org\/{rel}","templated":true}]}}