{"id":156,"date":"2012-03-21T15:17:46","date_gmt":"2012-03-21T15:17:46","guid":{"rendered":"http:\/\/www.encontracontagem.com.br\/noticias\/?p=156"},"modified":"2013-08-19T12:06:06","modified_gmt":"2013-08-19T12:06:06","slug":"membros-do-comadc-serao-empossados-hoje-em-contagem","status":"publish","type":"post","link":"https:\/\/www.encontracontagem.com.br\/noticias\/membros-do-comadc-serao-empossados-hoje-em-contagem\/","title":{"rendered":"Membros do COMADC ser\u00e3o empossados hoje em Contagem"},"content":{"rendered":"<p>Os membros do Conselho Municipal de Pol\u00edticas sobre \u00c1lcool e outras Drogas da Cidade Contagem (Comadc), eleitos em assembleia no dia 11 de fevereiro, tomar\u00e3o posse hoje, \u00e0s 14h, no gabinete da prefeita, na Pra\u00e7a Tancredo Neves, n\u00ba 200, Bairro Camilo Alves.<\/p>\n<p>Com voto da sociedade civil de Contagem, os representantes eleitos ser\u00e3o nomeados para o mandato de dois anos.<\/p>\n<p>Durante esse per\u00edodo, eles ser\u00e3o respons\u00e1veis pelas atividades do Comadc.<\/p>\n<p>Fonte:<em> Prefeitura de Contagem<\/em><\/p>\n","protected":false},"excerpt":{"rendered":"<p>Os membros do Conselho Municipal de Pol\u00edticas sobre \u00c1lcool e outras Drogas da Cidade Contagem (Comadc), eleitos em assembleia no dia 11 de fevereiro, tomar\u00e3o posse hoje, \u00e0s 14h, no gabinete da prefeita, na Pra\u00e7a Tancredo Neves, n\u00ba 200, Bairro Camilo Alves. Com voto da sociedade civil de Contagem, os representantes eleitos ser\u00e3o nomeados para [&hellip;]<\/p>\n","protected":false},"author":1,"featured_media":0,"comment_status":"open","ping_status":"open","sticky":false,"template":"","format":"standard","meta":{"footnotes":""},"categories":[6],"tags":[15],"class_list":["post-156","post","type-post","status-publish","format-standard","hentry","category-noticias","tag-contagem"],"_links":{"self":[{"href":"https:\/\/www.encontracontagem.com.br\/noticias\/wp-json\/wp\/v2\/posts\/156","targetHints":{"allow":["GET"]}}],"collection":[{"href":"https:\/\/www.encontracontagem.com.br\/noticias\/wp-json\/wp\/v2\/posts"}],"about":[{"href":"https:\/\/www.encontracontagem.com.br\/noticias\/wp-json\/wp\/v2\/types\/post"}],"author":[{"embeddable":true,"href":"https:\/\/www.encontracontagem.com.br\/noticias\/wp-json\/wp\/v2\/users\/1"}],"replies":[{"embeddable":true,"href":"https:\/\/www.encontracontagem.com.br\/noticias\/wp-json\/wp\/v2\/comments?post=156"}],"version-history":[{"count":2,"href":"https:\/\/www.encontracontagem.com.br\/noticias\/wp-json\/wp\/v2\/posts\/156\/revisions"}],"predecessor-version":[{"id":523,"href":"https:\/\/www.encontracontagem.com.br\/noticias\/wp-json\/wp\/v2\/posts\/156\/revisions\/523"}],"wp:attachment":[{"href":"https:\/\/www.encontracontagem.com.br\/noticias\/wp-json\/wp\/v2\/media?parent=156"}],"wp:term":[{"taxonomy":"category","embeddable":true,"href":"https:\/\/www.encontracontagem.com.br\/noticias\/wp-json\/wp\/v2\/categories?post=156"},{"taxonomy":"post_tag","embeddable":true,"href":"https:\/\/www.encontracontagem.com.br\/noticias\/wp-json\/wp\/v2\/tags?post=156"}],"curies":[{"name":"wp","href":"https:\/\/api.w.org\/{rel}","templated":true}]}}