{"id":146,"date":"2012-03-21T15:00:45","date_gmt":"2012-03-21T15:00:45","guid":{"rendered":"http:\/\/www.encontracontagem.com.br\/noticias\/?p=146"},"modified":"2013-08-19T12:06:08","modified_gmt":"2013-08-19T12:06:08","slug":"prefeita-fara-encontra-para-discutir-prestacao-de-contas-e-anuncio-de-novos-investimentos-para-contagem","status":"publish","type":"post","link":"https:\/\/www.encontracontagem.com.br\/noticias\/prefeita-fara-encontra-para-discutir-prestacao-de-contas-e-anuncio-de-novos-investimentos-para-contagem\/","title":{"rendered":"Prefeita far\u00e1 encontro para discutir presta\u00e7\u00e3o de contas e an\u00fancio de novos investimentos para Contagem"},"content":{"rendered":"<p>A prefeita da Cidade de Contagem, Mar\u00edlia Campos, acompanhada por secret\u00e1rios e t\u00e9cnicos de sua equipe de governo, participar\u00e1, no pr\u00f3ximo s\u00e1bado, dia 24, de uma audi\u00eancia p\u00fablica com os moradores da Regi\u00e3o de Vargem das Flores.<\/p>\n<p>O encontro, marcado para 17h30, na Av. VP 1, Pra\u00e7a do Coreto, em Nova Contagem, tem como objetivo apresentar uma presta\u00e7\u00e3o de contas do mandato e anunciar novos investimentos para a regi\u00e3o, contemplando, dentre outras, as \u00e1reas de educa\u00e7\u00e3o, sa\u00fade, infraestrutura e habita\u00e7\u00e3o.<\/p>\n<p>Fonte: <em>Prefeitura de Contagem<\/em><\/p>\n","protected":false},"excerpt":{"rendered":"<p>A prefeita da Cidade de Contagem, Mar\u00edlia Campos, acompanhada por secret\u00e1rios e t\u00e9cnicos de sua equipe de governo, participar\u00e1, no pr\u00f3ximo s\u00e1bado, dia 24, de uma audi\u00eancia p\u00fablica com os moradores da Regi\u00e3o de Vargem das Flores. O encontro, marcado para 17h30, na Av. VP 1, Pra\u00e7a do Coreto, em Nova Contagem, tem como objetivo [&hellip;]<\/p>\n","protected":false},"author":1,"featured_media":0,"comment_status":"open","ping_status":"open","sticky":false,"template":"","format":"standard","meta":{"footnotes":""},"categories":[6],"tags":[15],"class_list":["post-146","post","type-post","status-publish","format-standard","hentry","category-noticias","tag-contagem"],"_links":{"self":[{"href":"https:\/\/www.encontracontagem.com.br\/noticias\/wp-json\/wp\/v2\/posts\/146","targetHints":{"allow":["GET"]}}],"collection":[{"href":"https:\/\/www.encontracontagem.com.br\/noticias\/wp-json\/wp\/v2\/posts"}],"about":[{"href":"https:\/\/www.encontracontagem.com.br\/noticias\/wp-json\/wp\/v2\/types\/post"}],"author":[{"embeddable":true,"href":"https:\/\/www.encontracontagem.com.br\/noticias\/wp-json\/wp\/v2\/users\/1"}],"replies":[{"embeddable":true,"href":"https:\/\/www.encontracontagem.com.br\/noticias\/wp-json\/wp\/v2\/comments?post=146"}],"version-history":[{"count":4,"href":"https:\/\/www.encontracontagem.com.br\/noticias\/wp-json\/wp\/v2\/posts\/146\/revisions"}],"predecessor-version":[{"id":571,"href":"https:\/\/www.encontracontagem.com.br\/noticias\/wp-json\/wp\/v2\/posts\/146\/revisions\/571"}],"wp:attachment":[{"href":"https:\/\/www.encontracontagem.com.br\/noticias\/wp-json\/wp\/v2\/media?parent=146"}],"wp:term":[{"taxonomy":"category","embeddable":true,"href":"https:\/\/www.encontracontagem.com.br\/noticias\/wp-json\/wp\/v2\/categories?post=146"},{"taxonomy":"post_tag","embeddable":true,"href":"https:\/\/www.encontracontagem.com.br\/noticias\/wp-json\/wp\/v2\/tags?post=146"}],"curies":[{"name":"wp","href":"https:\/\/api.w.org\/{rel}","templated":true}]}}