{"id":141,"date":"2012-03-16T19:36:09","date_gmt":"2012-03-16T19:36:09","guid":{"rendered":"http:\/\/www.encontracontagem.com.br\/noticias\/?p=141"},"modified":"2013-08-19T12:06:05","modified_gmt":"2013-08-19T12:06:05","slug":"ex-promotor-de-justica-de-contagem-assume-a-secretaria-de-estado-de-defesa-social","status":"publish","type":"post","link":"https:\/\/www.encontracontagem.com.br\/noticias\/ex-promotor-de-justica-de-contagem-assume-a-secretaria-de-estado-de-defesa-social\/","title":{"rendered":"Ex-promotor de Justi\u00e7a de Contagem assume a Secretaria de Estado de Defesa Social"},"content":{"rendered":"<p>O Governador Antonio Augusto Anastasia (PSDB) confirmou ontem, atrav\u00e9s de nota encaminhada \u00e0 imprensa, o desligamento do deputado Lafayette Andrada da Secret\u00e1ria de Estado de Defesa Social.<\/p>\n<p>Deputado estadual pelo PSDB, ele retorna \u00e0s atividades parlamentares na Assembleia Legislativa de Minas Gerais exercendo a fun\u00e7\u00e3o de lideran\u00e7a governista no lugar do deputado estadual Luiz Humberto Carneiro (PSDB), que concorrer\u00e1 \u00e0 Prefeitura de Uberl\u00e2ndia.<\/p>\n<p>No lugar dele assume o procurador de Justi\u00e7a R\u00f4mulo Ferraz, do Minist\u00e9rio P\u00fablico Estadual (MPE). Ele ser\u00e1 empossado na pr\u00f3xima segunda-feira (19).<\/p>\n<p>O novo secret\u00e1rio foi promotor de Justi\u00e7a nas comarcas de Mesquita, Congonhas,\u00a0Cidade Contagem e Belo Horizonte.<\/p>\n<p>Fonte:\u00a0<em>jmonline.com.br<\/em><\/p>\n","protected":false},"excerpt":{"rendered":"<p>O Governador Antonio Augusto Anastasia (PSDB) confirmou ontem, atrav\u00e9s de nota encaminhada \u00e0 imprensa, o desligamento do deputado Lafayette Andrada da Secret\u00e1ria de Estado de Defesa Social. Deputado estadual pelo PSDB, ele retorna \u00e0s atividades parlamentares na Assembleia Legislativa de Minas Gerais exercendo a fun\u00e7\u00e3o de lideran\u00e7a governista no lugar do deputado estadual Luiz Humberto [&hellip;]<\/p>\n","protected":false},"author":1,"featured_media":0,"comment_status":"open","ping_status":"open","sticky":false,"template":"","format":"standard","meta":{"footnotes":""},"categories":[6],"tags":[15],"class_list":["post-141","post","type-post","status-publish","format-standard","hentry","category-noticias","tag-contagem"],"_links":{"self":[{"href":"https:\/\/www.encontracontagem.com.br\/noticias\/wp-json\/wp\/v2\/posts\/141","targetHints":{"allow":["GET"]}}],"collection":[{"href":"https:\/\/www.encontracontagem.com.br\/noticias\/wp-json\/wp\/v2\/posts"}],"about":[{"href":"https:\/\/www.encontracontagem.com.br\/noticias\/wp-json\/wp\/v2\/types\/post"}],"author":[{"embeddable":true,"href":"https:\/\/www.encontracontagem.com.br\/noticias\/wp-json\/wp\/v2\/users\/1"}],"replies":[{"embeddable":true,"href":"https:\/\/www.encontracontagem.com.br\/noticias\/wp-json\/wp\/v2\/comments?post=141"}],"version-history":[{"count":2,"href":"https:\/\/www.encontracontagem.com.br\/noticias\/wp-json\/wp\/v2\/posts\/141\/revisions"}],"predecessor-version":[{"id":517,"href":"https:\/\/www.encontracontagem.com.br\/noticias\/wp-json\/wp\/v2\/posts\/141\/revisions\/517"}],"wp:attachment":[{"href":"https:\/\/www.encontracontagem.com.br\/noticias\/wp-json\/wp\/v2\/media?parent=141"}],"wp:term":[{"taxonomy":"category","embeddable":true,"href":"https:\/\/www.encontracontagem.com.br\/noticias\/wp-json\/wp\/v2\/categories?post=141"},{"taxonomy":"post_tag","embeddable":true,"href":"https:\/\/www.encontracontagem.com.br\/noticias\/wp-json\/wp\/v2\/tags?post=141"}],"curies":[{"name":"wp","href":"https:\/\/api.w.org\/{rel}","templated":true}]}}