{"id":116,"date":"2012-02-22T15:48:20","date_gmt":"2012-02-22T15:48:20","guid":{"rendered":"http:\/\/www.encontracontagem.com.br\/noticias\/?p=116"},"modified":"2013-08-19T12:06:09","modified_gmt":"2013-08-19T12:06:09","slug":"prefeita-de-contagem-participou-do-forum-social-tematico-no-rio-grande-do-sul","status":"publish","type":"post","link":"https:\/\/www.encontracontagem.com.br\/noticias\/prefeita-de-contagem-participou-do-forum-social-tematico-no-rio-grande-do-sul\/","title":{"rendered":"Prefeita de Contagem participou do F\u00f3rum Social Tem\u00e1tico no Rio Grande do Sul"},"content":{"rendered":"<p>Na \u00faltima quinta-feira, dia 26, pela manh\u00e3, a prefeita da Cidade Contagem, Mar\u00edlia Campos participou da confer\u00eancia no Semin\u00e1rio Internacional de Cidades de Periferia, que abordou o tema &#8220;Sustentabilidade e solu\u00e7\u00f5es para as periferias&#8221;.<\/p>\n<p>A prefeita Mar\u00edlia Campos est\u00e1 no Rio Grande do Sul, a convite da Prefeitura de Canoas, cidade integrante do Comit\u00ea Organizador do F\u00f3rum Social Tem\u00e1tico 2012.<\/p>\n<p>O Semin\u00e1rio Internacional de Cidades de Periferia reuniu prefeitos e autoridades locais de cidades de pa\u00edses da Am\u00e9rica Latina, Europa, \u00c1frica e \u00c1sia, bem como representantes de organiza\u00e7\u00f5es n\u00e3o governamentais, organismos internacionais, universidades e movimentos sociais.<\/p>\n<p>Fonte: <em>Prefeitura de Contagem<\/em><\/p>\n","protected":false},"excerpt":{"rendered":"<p>Na \u00faltima quinta-feira, dia 26, pela manh\u00e3, a prefeita da Cidade Contagem, Mar\u00edlia Campos participou da confer\u00eancia no Semin\u00e1rio Internacional de Cidades de Periferia, que abordou o tema &#8220;Sustentabilidade e solu\u00e7\u00f5es para as periferias&#8221;. A prefeita Mar\u00edlia Campos est\u00e1 no Rio Grande do Sul, a convite da Prefeitura de Canoas, cidade integrante do Comit\u00ea Organizador [&hellip;]<\/p>\n","protected":false},"author":1,"featured_media":0,"comment_status":"open","ping_status":"open","sticky":false,"template":"","format":"standard","meta":{"footnotes":""},"categories":[6],"tags":[15],"class_list":["post-116","post","type-post","status-publish","format-standard","hentry","category-noticias","tag-contagem"],"_links":{"self":[{"href":"https:\/\/www.encontracontagem.com.br\/noticias\/wp-json\/wp\/v2\/posts\/116","targetHints":{"allow":["GET"]}}],"collection":[{"href":"https:\/\/www.encontracontagem.com.br\/noticias\/wp-json\/wp\/v2\/posts"}],"about":[{"href":"https:\/\/www.encontracontagem.com.br\/noticias\/wp-json\/wp\/v2\/types\/post"}],"author":[{"embeddable":true,"href":"https:\/\/www.encontracontagem.com.br\/noticias\/wp-json\/wp\/v2\/users\/1"}],"replies":[{"embeddable":true,"href":"https:\/\/www.encontracontagem.com.br\/noticias\/wp-json\/wp\/v2\/comments?post=116"}],"version-history":[{"count":4,"href":"https:\/\/www.encontracontagem.com.br\/noticias\/wp-json\/wp\/v2\/posts\/116\/revisions"}],"predecessor-version":[{"id":586,"href":"https:\/\/www.encontracontagem.com.br\/noticias\/wp-json\/wp\/v2\/posts\/116\/revisions\/586"}],"wp:attachment":[{"href":"https:\/\/www.encontracontagem.com.br\/noticias\/wp-json\/wp\/v2\/media?parent=116"}],"wp:term":[{"taxonomy":"category","embeddable":true,"href":"https:\/\/www.encontracontagem.com.br\/noticias\/wp-json\/wp\/v2\/categories?post=116"},{"taxonomy":"post_tag","embeddable":true,"href":"https:\/\/www.encontracontagem.com.br\/noticias\/wp-json\/wp\/v2\/tags?post=116"}],"curies":[{"name":"wp","href":"https:\/\/api.w.org\/{rel}","templated":true}]}}