{"id":102,"date":"2012-02-22T15:09:10","date_gmt":"2012-02-22T15:09:10","guid":{"rendered":"http:\/\/www.encontracontagem.com.br\/noticias\/?p=102"},"modified":"2013-08-19T12:06:09","modified_gmt":"2013-08-19T12:06:09","slug":"prefeita-de-contagem-marilia-campos-se-reune-com-governador-antonio-anastasia","status":"publish","type":"post","link":"https:\/\/www.encontracontagem.com.br\/noticias\/prefeita-de-contagem-marilia-campos-se-reune-com-governador-antonio-anastasia\/","title":{"rendered":"Prefeita de Contagem Mar\u00edlia Campos se re\u00fane com governador Ant\u00f4nio Anastasia"},"content":{"rendered":"<p>Na \u00faltima quinta-feira, dia\u00a016, a prefeita Mar\u00edlia Campos e o presidente da Fiemg, Olavo Machado, reuniram-se com o governador Anastasia, \u00e0s 16h, na Cidade Administrativa. Os tr\u00eas trataram da constru\u00e7\u00e3o de um grande teatro na Cidade de Contagem, em im\u00f3vel do Ciemg, envolvendo tamb\u00e9m o Sesi e a Fiemg.<\/p>\n<p>Segundo a prefeita Mar\u00edlia Campos, &#8220;o governador Anastasia viu de forma muito positiva a constru\u00e7\u00e3o do teatro em Contagem. Ficou decidido na reuni\u00e3o que a Fiemg vai elaborar um protocolo de inten\u00e7\u00f5es criando condi\u00e7\u00f5es administrativas para a execu\u00e7\u00e3o do projeto.<\/p>\n<p>A assinatura do protocolo est\u00e1 prevista para o m\u00eas de abril&#8221;, afirmou Mar\u00edlia Campos informando que &#8220;o teatro, com capacidade para cerca de 600 lugares, n\u00e3o ser\u00e1 somente um centro de exibi\u00e7\u00e3o, como tamb\u00e9m espa\u00e7o para produ\u00e7\u00e3o e fomento \u00e0s artes&#8221;, ressaltou a prefeita.<\/p>\n<p>Contagem \u00e9 a segunda cidade no Estado em popula\u00e7\u00e3o e, at\u00e9 ent\u00e3o, n\u00e3o tem nenhuma grande casa para apresenta\u00e7\u00f5es teatrais, o que torna tal empreendimento muito importante sob todos os aspectos: lazer, desenvolvimento da cultura e da arte no munic\u00edpio, gera\u00e7\u00e3o de emprego e renda e v\u00e1rios outros.<\/p>\n<p>Fonte: <em>Prefeitura de Contagem<\/em><\/p>\n","protected":false},"excerpt":{"rendered":"<p>Na \u00faltima quinta-feira, dia\u00a016, a prefeita Mar\u00edlia Campos e o presidente da Fiemg, Olavo Machado, reuniram-se com o governador Anastasia, \u00e0s 16h, na Cidade Administrativa. Os tr\u00eas trataram da constru\u00e7\u00e3o de um grande teatro na Cidade de Contagem, em im\u00f3vel do Ciemg, envolvendo tamb\u00e9m o Sesi e a Fiemg. Segundo a prefeita Mar\u00edlia Campos, &#8220;o [&hellip;]<\/p>\n","protected":false},"author":1,"featured_media":0,"comment_status":"open","ping_status":"open","sticky":false,"template":"","format":"standard","meta":{"footnotes":""},"categories":[6],"tags":[15],"class_list":["post-102","post","type-post","status-publish","format-standard","hentry","category-noticias","tag-contagem"],"_links":{"self":[{"href":"https:\/\/www.encontracontagem.com.br\/noticias\/wp-json\/wp\/v2\/posts\/102","targetHints":{"allow":["GET"]}}],"collection":[{"href":"https:\/\/www.encontracontagem.com.br\/noticias\/wp-json\/wp\/v2\/posts"}],"about":[{"href":"https:\/\/www.encontracontagem.com.br\/noticias\/wp-json\/wp\/v2\/types\/post"}],"author":[{"embeddable":true,"href":"https:\/\/www.encontracontagem.com.br\/noticias\/wp-json\/wp\/v2\/users\/1"}],"replies":[{"embeddable":true,"href":"https:\/\/www.encontracontagem.com.br\/noticias\/wp-json\/wp\/v2\/comments?post=102"}],"version-history":[{"count":4,"href":"https:\/\/www.encontracontagem.com.br\/noticias\/wp-json\/wp\/v2\/posts\/102\/revisions"}],"predecessor-version":[{"id":581,"href":"https:\/\/www.encontracontagem.com.br\/noticias\/wp-json\/wp\/v2\/posts\/102\/revisions\/581"}],"wp:attachment":[{"href":"https:\/\/www.encontracontagem.com.br\/noticias\/wp-json\/wp\/v2\/media?parent=102"}],"wp:term":[{"taxonomy":"category","embeddable":true,"href":"https:\/\/www.encontracontagem.com.br\/noticias\/wp-json\/wp\/v2\/categories?post=102"},{"taxonomy":"post_tag","embeddable":true,"href":"https:\/\/www.encontracontagem.com.br\/noticias\/wp-json\/wp\/v2\/tags?post=102"}],"curies":[{"name":"wp","href":"https:\/\/api.w.org\/{rel}","templated":true}]}}